{"id":129311,"date":"2018-12-26T15:01:37","date_gmt":"2018-12-26T17:01:37","guid":{"rendered":"https:\/\/diarioregionaldigital.com.br\/?p=129311"},"modified":"2018-12-26T15:01:37","modified_gmt":"2018-12-26T17:01:37","slug":"bem-comum-promove-campanha-para-ajudar-vitimas-da-chuva","status":"publish","type":"post","link":"https:\/\/diarioregionaldigital.com.br\/?p=129311","title":{"rendered":"Bem Comum promove campanha para ajudar v\u00edtimas da chuva"},"content":{"rendered":"<p>Em virtude da forte chuva ocorrida na \u00faltima segunda-feira, 24, v\u00e9spera de Natal, atingindo v\u00e1rias fam\u00edlias de Juiz de Fora, o \u201cBem Comum\u201d, projeto da Secretaria de Comunica\u00e7\u00e3o Social (SCS) da Prefeitura de Juiz de Fora (PJF), realiza a campanha \u201cCorrente do Bem\u201d para arrecada\u00e7\u00e3o de donativos, entre eles, material de higiene pessoal e limpeza, colch\u00f5es e colchonetes, eletrodom\u00e9sticos, roupas de cama e banho e m\u00f3veis.<\/p>\n<p>Segundo o secret\u00e1rio de Comunica\u00e7\u00e3o Social, Michael Guedes, \u201ca campanha visa manter vivo o esp\u00edrito de Natal, que \u00e9 de ajudar o pr\u00f3ximo e de ser solid\u00e1rio, principalmente, neste momento em que v\u00e1rias fam\u00edlias est\u00e3o precisando de ajuda e que n\u00e3o tiveram o Natal que planejaram. Por isso, a Defesa Civil, juntamente com uma equipe de assist\u00eancia social da pasta, apuraram com as fam\u00edlias afetadas o que elas mais precisam a fim de minimizar os preju\u00edzos\u201d, enfatizou.<\/p>\n<p>Quem tiver interesse em contribuir, pode deixar as doa\u00e7\u00f5es em um dos seguintes pontos de coleta:<\/p>\n<p>&#8211; Pr\u00e9dio-sede da PJF: Av. Brasil, 2.001 \u2013 Centro<br \/>\n&#8211; Procon: Av. Presidente Itamar Franco, 992 &#8211; Centro<br \/>\n&#8211; Secretaria de Transporte e Tr\u00e2nsito: Rua Maria Perp\u00e9tua, 72 \u2013 Ladeira<br \/>\n&#8211; Ag\u00eancia de Atendimento da Cesama: Av. Get\u00falio Vargas, 1001, Centro<br \/>\n&#8211; Defesa Civil: Av. Garibalde Campinhos, 169 \u2013 Vitorino Braga<br \/>\n&#8211; Espa\u00e7o Cidad\u00e3o: Av. Bar\u00e3o do Rio Branco, 2234 \u2013 Centro (ao lado do Parque Halfeld)<br \/>\n&#8211; Espa\u00e7o Cidad\u00e3o Norte: Rua In\u00eas Garcia, 357 \u2013 Benfica<br \/>\n&#8211; Espa\u00e7o Cidad\u00e3o Sul: Rua Porto das Flores, 270 \u2013 Santa Luzia<br \/>\n&#8211; Espa\u00e7o Cidad\u00e3o Oeste: Rua Orestes Fabiano Alves, 61 e 65 \u2013 S\u00e3o Pedro<br \/>\n&#8211; Espa\u00e7o Cidad\u00e3o Nordeste: Rua Santa Terezinha, 172 \u2013 Santa Terezinha<\/p>\n<p><b>Equipes da PJF prosseguem com vistorias em pontos atingidos pela chuva<\/b><\/p>\n<p>Desde a \u00faltima segunda-feira, 24, a Defesa Civil recebeu 59 chamados, concentradas nas regi\u00f5es leste e nordeste. Nesta quarta-feira, 26, cerca de 200 servidores est\u00e3o empenhados no rescaldo. A Secretaria de Obras (SO) segue dando apoio \u00e0 Defesa Civil, com prioridade nos pontos mais atingidos, como no Bairro Vitorino Braga com equipe de limpeza de boca de lobo e maquin\u00e1rio. A SO tamb\u00e9m atua na limpeza de rua no Bairro Linhares, nas ruas Jos\u00e9 Sobreira, Angelo Biggi e Diva Garcia e no trevo do Bairro Bandeirantes.<\/p>\n<p>A Cesama segue com o apoio ao Demlurb nas a\u00e7\u00f5es de limpeza no Vitorino Braga. Al\u00e9m disso, a companhia est\u00e1 reparando as eros\u00f5es de compet\u00eancia da mesma. J\u00e1 o Demlurb est\u00e1 com as equipes concentradas n Rua do Monte, no Vitorino, fazendo a retirada de lama e lava\u00e7\u00e3o.<\/p>\n<p>Fonte: Assessoria PJF<\/p>\n","protected":false},"excerpt":{"rendered":"<p>Em virtude da forte chuva ocorrida na \u00faltima segunda-feira, 24, v\u00e9spera de Natal, atingindo v\u00e1rias fam\u00edlias de Juiz de Fora, o \u201cBem Comum\u201d, projeto da Secretaria de Comunica\u00e7\u00e3o Social (SCS) da Prefeitura de Juiz de Fora (PJF), realiza a campanha \u201cCorrente do Bem\u201d para arrecada\u00e7\u00e3o de donativos, entre eles, material de higiene pessoal e limpeza, [&hellip;]<\/p>\n","protected":false},"author":96,"featured_media":129312,"comment_status":"closed","ping_status":"closed","sticky":false,"template":"","format":"standard","meta":{"footnotes":""},"categories":[253,436,439],"tags":[],"class_list":["post-129311","post","type-post","status-publish","format-standard","has-post-thumbnail","hentry","category-cidade","category-destaque-da-semana","category-ultima-hora"],"_links":{"self":[{"href":"https:\/\/diarioregionaldigital.com.br\/index.php?rest_route=\/wp\/v2\/posts\/129311","targetHints":{"allow":["GET"]}}],"collection":[{"href":"https:\/\/diarioregionaldigital.com.br\/index.php?rest_route=\/wp\/v2\/posts"}],"about":[{"href":"https:\/\/diarioregionaldigital.com.br\/index.php?rest_route=\/wp\/v2\/types\/post"}],"author":[{"embeddable":true,"href":"https:\/\/diarioregionaldigital.com.br\/index.php?rest_route=\/wp\/v2\/users\/96"}],"replies":[{"embeddable":true,"href":"https:\/\/diarioregionaldigital.com.br\/index.php?rest_route=%2Fwp%2Fv2%2Fcomments&post=129311"}],"version-history":[{"count":0,"href":"https:\/\/diarioregionaldigital.com.br\/index.php?rest_route=\/wp\/v2\/posts\/129311\/revisions"}],"wp:featuredmedia":[{"embeddable":true,"href":"https:\/\/diarioregionaldigital.com.br\/index.php?rest_route=\/wp\/v2\/media\/129312"}],"wp:attachment":[{"href":"https:\/\/diarioregionaldigital.com.br\/index.php?rest_route=%2Fwp%2Fv2%2Fmedia&parent=129311"}],"wp:term":[{"taxonomy":"category","embeddable":true,"href":"https:\/\/diarioregionaldigital.com.br\/index.php?rest_route=%2Fwp%2Fv2%2Fcategories&post=129311"},{"taxonomy":"post_tag","embeddable":true,"href":"https:\/\/diarioregionaldigital.com.br\/index.php?rest_route=%2Fwp%2Fv2%2Ftags&post=129311"}],"curies":[{"name":"wp","href":"https:\/\/api.w.org\/{rel}","templated":true}]}}