{"id":129286,"date":"2018-12-26T12:22:55","date_gmt":"2018-12-26T14:22:55","guid":{"rendered":"https:\/\/diarioregionaldigital.com.br\/?p=129286"},"modified":"2018-12-26T13:40:37","modified_gmt":"2018-12-26T15:40:37","slug":"carro-e-encontrado-dentro-de-galeria-no-bairro-eldorado","status":"publish","type":"post","link":"https:\/\/diarioregionaldigital.com.br\/?p=129286","title":{"rendered":"Carro \u00e9 encontrado dentro de galeria no bairro Eldorado"},"content":{"rendered":"<p>Um carro, de modelo P\u00e1lio da marca Fiat, ano 97, foi encontrado ca\u00eddo dentro de uma galeria nesta quarta-feira, 26, em Juiz de Fora. De acordo com o Corpo de Bombeiros, o ve\u00edculo foi localizado dentro de uma galeria pluvial\u00a0 no bairro Eldorado, zona Nordeste da cidade.<\/p>\n<p>Segundo a corpora\u00e7\u00e3o, ainda n\u00e3o se sabe o motivo da queda do ve\u00edculo e se h\u00e1 liga\u00e7\u00e3o com a chuva da \u00faltima segunda-feira, 24.<\/p>\n<p>O ve\u00edculo foi retirado pela Secretaria de Obras da Prefeitura de Juiz de Fora e nenhuma v\u00edtima foi encontrada.<\/p>\n<p>O dono \u00e9 um pintor e o carro estava estacionado na pra\u00e7a do Eldorado, quando foi levado pela chuva.<\/p>\n<p>&nbsp;<\/p>\n<p>Fonte: Colabora\u00e7\u00e3o J\u00e9ssica Pereira<\/p>\n","protected":false},"excerpt":{"rendered":"<p>Um carro, de modelo P\u00e1lio da marca Fiat, ano 97, foi encontrado ca\u00eddo dentro de uma galeria nesta quarta-feira, 26, em Juiz de Fora. De acordo com o Corpo de Bombeiros, o ve\u00edculo foi localizado dentro de uma galeria pluvial\u00a0 no bairro Eldorado, zona Nordeste da cidade. Segundo a corpora\u00e7\u00e3o, ainda n\u00e3o se sabe o [&hellip;]<\/p>\n","protected":false},"author":96,"featured_media":0,"comment_status":"closed","ping_status":"closed","sticky":false,"template":"","format":"standard","meta":{"footnotes":""},"categories":[253,440,439],"tags":[],"class_list":["post-129286","post","type-post","status-publish","format-standard","hentry","category-cidade","category-destaques-do-dia","category-ultima-hora"],"_links":{"self":[{"href":"https:\/\/diarioregionaldigital.com.br\/index.php?rest_route=\/wp\/v2\/posts\/129286","targetHints":{"allow":["GET"]}}],"collection":[{"href":"https:\/\/diarioregionaldigital.com.br\/index.php?rest_route=\/wp\/v2\/posts"}],"about":[{"href":"https:\/\/diarioregionaldigital.com.br\/index.php?rest_route=\/wp\/v2\/types\/post"}],"author":[{"embeddable":true,"href":"https:\/\/diarioregionaldigital.com.br\/index.php?rest_route=\/wp\/v2\/users\/96"}],"replies":[{"embeddable":true,"href":"https:\/\/diarioregionaldigital.com.br\/index.php?rest_route=%2Fwp%2Fv2%2Fcomments&post=129286"}],"version-history":[{"count":0,"href":"https:\/\/diarioregionaldigital.com.br\/index.php?rest_route=\/wp\/v2\/posts\/129286\/revisions"}],"wp:attachment":[{"href":"https:\/\/diarioregionaldigital.com.br\/index.php?rest_route=%2Fwp%2Fv2%2Fmedia&parent=129286"}],"wp:term":[{"taxonomy":"category","embeddable":true,"href":"https:\/\/diarioregionaldigital.com.br\/index.php?rest_route=%2Fwp%2Fv2%2Fcategories&post=129286"},{"taxonomy":"post_tag","embeddable":true,"href":"https:\/\/diarioregionaldigital.com.br\/index.php?rest_route=%2Fwp%2Fv2%2Ftags&post=129286"}],"curies":[{"name":"wp","href":"https:\/\/api.w.org\/{rel}","templated":true}]}}