{"id":129249,"date":"2018-12-26T08:44:59","date_gmt":"2018-12-26T10:44:59","guid":{"rendered":"https:\/\/diarioregionaldigital.com.br\/?p=129249"},"modified":"2018-12-26T08:49:11","modified_gmt":"2018-12-26T10:49:11","slug":"jovem-e-assaltado-na-porta-de-casa-no-bairro-monte-castelo","status":"publish","type":"post","link":"https:\/\/diarioregionaldigital.com.br\/?p=129249","title":{"rendered":"Jovem \u00e9 assaltado na porta de casa no bairro Monte Castelo"},"content":{"rendered":"<p>Um jovem, de 18 anos, foi assaltado na madrugada desta quarta-feira, 26, no bairro Monte Castelo, na regi\u00e3o Norte de Juiz de Fora.<\/p>\n<p>Segundo relato do rapaz \u00e0 Pol\u00edcia Militar (PM), ele chegava em casa, na Rua Agulhas Negras, por volta das 2h, quando foi surpreendido por dois indiv\u00edduos em uma motocicleta. O autor que estava na garupa simulava estar armado e anunciou o roubou, exigindo que a v\u00edtima entregasse a carteira.<\/p>\n<p>Os assaltantes levaram tamb\u00e9m uma bermuda, uma blusa,um par de chinelo e o celular que estavam com o jovem.<\/p>\n<p>Ap\u00f3s o crime, os autores fugiram e n\u00e3o foram localizados durante o rastreamento feito pela PM.<\/p>\n","protected":false},"excerpt":{"rendered":"<p>Um jovem, de 18 anos, foi assaltado na madrugada desta quarta-feira, 26, no bairro Monte Castelo, na regi\u00e3o Norte de Juiz de Fora. Segundo relato do rapaz \u00e0 Pol\u00edcia Militar (PM), ele chegava em casa, na Rua Agulhas Negras, por volta das 2h, quando foi surpreendido por dois indiv\u00edduos em uma motocicleta. O autor que [&hellip;]<\/p>\n","protected":false},"author":96,"featured_media":95836,"comment_status":"closed","ping_status":"closed","sticky":false,"template":"","format":"standard","meta":{"footnotes":""},"categories":[301],"tags":[],"class_list":["post-129249","post","type-post","status-publish","format-standard","has-post-thumbnail","hentry","category-artigos-policiais"],"_links":{"self":[{"href":"https:\/\/diarioregionaldigital.com.br\/index.php?rest_route=\/wp\/v2\/posts\/129249","targetHints":{"allow":["GET"]}}],"collection":[{"href":"https:\/\/diarioregionaldigital.com.br\/index.php?rest_route=\/wp\/v2\/posts"}],"about":[{"href":"https:\/\/diarioregionaldigital.com.br\/index.php?rest_route=\/wp\/v2\/types\/post"}],"author":[{"embeddable":true,"href":"https:\/\/diarioregionaldigital.com.br\/index.php?rest_route=\/wp\/v2\/users\/96"}],"replies":[{"embeddable":true,"href":"https:\/\/diarioregionaldigital.com.br\/index.php?rest_route=%2Fwp%2Fv2%2Fcomments&post=129249"}],"version-history":[{"count":0,"href":"https:\/\/diarioregionaldigital.com.br\/index.php?rest_route=\/wp\/v2\/posts\/129249\/revisions"}],"wp:featuredmedia":[{"embeddable":true,"href":"https:\/\/diarioregionaldigital.com.br\/index.php?rest_route=\/wp\/v2\/media\/95836"}],"wp:attachment":[{"href":"https:\/\/diarioregionaldigital.com.br\/index.php?rest_route=%2Fwp%2Fv2%2Fmedia&parent=129249"}],"wp:term":[{"taxonomy":"category","embeddable":true,"href":"https:\/\/diarioregionaldigital.com.br\/index.php?rest_route=%2Fwp%2Fv2%2Fcategories&post=129249"},{"taxonomy":"post_tag","embeddable":true,"href":"https:\/\/diarioregionaldigital.com.br\/index.php?rest_route=%2Fwp%2Fv2%2Ftags&post=129249"}],"curies":[{"name":"wp","href":"https:\/\/api.w.org\/{rel}","templated":true}]}}