{"id":129247,"date":"2018-12-26T08:29:53","date_gmt":"2018-12-26T10:29:53","guid":{"rendered":"https:\/\/diarioregionaldigital.com.br\/?p=129247"},"modified":"2018-12-26T08:29:53","modified_gmt":"2018-12-26T10:29:53","slug":"policia-militar-registra-furto-de-veiculos-nos-bairros-morro-da-gloria-e-dom-bosco","status":"publish","type":"post","link":"https:\/\/diarioregionaldigital.com.br\/?p=129247","title":{"rendered":"Pol\u00edcia Militar registra furto de ve\u00edculos nos bairros Morro da Gl\u00f3ria e Dom Bosco"},"content":{"rendered":"<p>Dois motoristas tiveram o carro roubado nessa ter\u00e7a-feira, 25 em Juiz de Fora. Um dos casos aconteceu no bairro Morro da Gl\u00f3ria, regi\u00e3o Central de Juiz de Fora.<\/p>\n<p>Um idoso, 70 anos, estacionou o ve\u00edculo prata, de ano 1993, na Rua Catarina de Castro, durante a virada da noite de Natal. Ao retornar horas depois n\u00e3o encontrou o carro no local.<\/p>\n<p>O mesmo aconteceu no bairro Dom Bosco, na zona Sul da cidade. Um jovem, 24 anos, havia deixado o ve\u00edculo bege, de ano 1988, estacionado na Rua Ant\u00f4nio Marinho Saraiva, por volta das 5h. Ao retornar, \u00e1s 18h, percebeu que o carro havia sido furtado.<\/p>\n<p>At\u00e9 o momento, nenhum dos ve\u00edculos foi encontrado pela Pol\u00edcia Militar.<\/p>\n","protected":false},"excerpt":{"rendered":"<p>Dois motoristas tiveram o carro roubado nessa ter\u00e7a-feira, 25 em Juiz de Fora. Um dos casos aconteceu no bairro Morro da Gl\u00f3ria, regi\u00e3o Central de Juiz de Fora. Um idoso, 70 anos, estacionou o ve\u00edculo prata, de ano 1993, na Rua Catarina de Castro, durante a virada da noite de Natal. Ao retornar horas depois [&hellip;]<\/p>\n","protected":false},"author":96,"featured_media":95836,"comment_status":"closed","ping_status":"closed","sticky":false,"template":"","format":"standard","meta":{"footnotes":""},"categories":[301],"tags":[],"class_list":["post-129247","post","type-post","status-publish","format-standard","has-post-thumbnail","hentry","category-artigos-policiais"],"_links":{"self":[{"href":"https:\/\/diarioregionaldigital.com.br\/index.php?rest_route=\/wp\/v2\/posts\/129247","targetHints":{"allow":["GET"]}}],"collection":[{"href":"https:\/\/diarioregionaldigital.com.br\/index.php?rest_route=\/wp\/v2\/posts"}],"about":[{"href":"https:\/\/diarioregionaldigital.com.br\/index.php?rest_route=\/wp\/v2\/types\/post"}],"author":[{"embeddable":true,"href":"https:\/\/diarioregionaldigital.com.br\/index.php?rest_route=\/wp\/v2\/users\/96"}],"replies":[{"embeddable":true,"href":"https:\/\/diarioregionaldigital.com.br\/index.php?rest_route=%2Fwp%2Fv2%2Fcomments&post=129247"}],"version-history":[{"count":0,"href":"https:\/\/diarioregionaldigital.com.br\/index.php?rest_route=\/wp\/v2\/posts\/129247\/revisions"}],"wp:featuredmedia":[{"embeddable":true,"href":"https:\/\/diarioregionaldigital.com.br\/index.php?rest_route=\/wp\/v2\/media\/95836"}],"wp:attachment":[{"href":"https:\/\/diarioregionaldigital.com.br\/index.php?rest_route=%2Fwp%2Fv2%2Fmedia&parent=129247"}],"wp:term":[{"taxonomy":"category","embeddable":true,"href":"https:\/\/diarioregionaldigital.com.br\/index.php?rest_route=%2Fwp%2Fv2%2Fcategories&post=129247"},{"taxonomy":"post_tag","embeddable":true,"href":"https:\/\/diarioregionaldigital.com.br\/index.php?rest_route=%2Fwp%2Fv2%2Ftags&post=129247"}],"curies":[{"name":"wp","href":"https:\/\/api.w.org\/{rel}","templated":true}]}}