{"id":129242,"date":"2018-12-26T08:20:29","date_gmt":"2018-12-26T10:20:29","guid":{"rendered":"https:\/\/diarioregionaldigital.com.br\/?p=129242"},"modified":"2018-12-26T08:20:29","modified_gmt":"2018-12-26T10:20:29","slug":"frentista-sofre-corte-no-pescoco-durante-assalto-em-posto-de-gasolina","status":"publish","type":"post","link":"https:\/\/diarioregionaldigital.com.br\/?p=129242","title":{"rendered":"Frentista sofre corte no pesco\u00e7o durante assalto em posto de gasolina"},"content":{"rendered":"<p>Um posto de gasolina localizado na Rua Benjamim Constant, no bairro Vitorino Braga, zona Leste de Juiz de Fora, foi alvo de assalto na manh\u00e3 dessa ter\u00e7a-feira, 25.<\/p>\n<p>Segundo o frentista, 45 anos, que trabalhava no momento do assalto, um homem chegou ao estabelecimento por volta das 7h e pediu para que o funcion\u00e1rio entregasse todo o dinheiro do caixa. A v\u00edtima ent\u00e3o entregou uma quantia de aproximadamente R$150.<\/p>\n<p>O assaltante n\u00e3o ficou satisfeito com o valor segurou a v\u00edtima e cortou o pesco\u00e7o dele com um estilete. Em seguida, o autor fugiu e n\u00e3o foi localizado pela Pol\u00edcia Militar durante o rastreamento na regi\u00e3o.<\/p>\n<p>O frentista foi levado para a Unidade de Pronto Atendimento (UPA) Norte, onde a equipe m\u00e9dica constatou que ele sofreu um corte superficial na regi\u00e3o do pesco\u00e7o. Ele foi medicado e liberado.<\/p>\n<p>Como estava muito assustado, o funcion\u00e1rio do posto assaltado n\u00e3o conseguiu informar aos policiais as caracter\u00edsticas do assaltante.<\/p>\n","protected":false},"excerpt":{"rendered":"<p>Um posto de gasolina localizado na Rua Benjamim Constant, no bairro Vitorino Braga, zona Leste de Juiz de Fora, foi alvo de assalto na manh\u00e3 dessa ter\u00e7a-feira, 25. Segundo o frentista, 45 anos, que trabalhava no momento do assalto, um homem chegou ao estabelecimento por volta das 7h e pediu para que o funcion\u00e1rio entregasse [&hellip;]<\/p>\n","protected":false},"author":96,"featured_media":97342,"comment_status":"closed","ping_status":"closed","sticky":false,"template":"","format":"standard","meta":{"footnotes":""},"categories":[301],"tags":[],"class_list":["post-129242","post","type-post","status-publish","format-standard","has-post-thumbnail","hentry","category-artigos-policiais"],"_links":{"self":[{"href":"https:\/\/diarioregionaldigital.com.br\/index.php?rest_route=\/wp\/v2\/posts\/129242","targetHints":{"allow":["GET"]}}],"collection":[{"href":"https:\/\/diarioregionaldigital.com.br\/index.php?rest_route=\/wp\/v2\/posts"}],"about":[{"href":"https:\/\/diarioregionaldigital.com.br\/index.php?rest_route=\/wp\/v2\/types\/post"}],"author":[{"embeddable":true,"href":"https:\/\/diarioregionaldigital.com.br\/index.php?rest_route=\/wp\/v2\/users\/96"}],"replies":[{"embeddable":true,"href":"https:\/\/diarioregionaldigital.com.br\/index.php?rest_route=%2Fwp%2Fv2%2Fcomments&post=129242"}],"version-history":[{"count":0,"href":"https:\/\/diarioregionaldigital.com.br\/index.php?rest_route=\/wp\/v2\/posts\/129242\/revisions"}],"wp:featuredmedia":[{"embeddable":true,"href":"https:\/\/diarioregionaldigital.com.br\/index.php?rest_route=\/wp\/v2\/media\/97342"}],"wp:attachment":[{"href":"https:\/\/diarioregionaldigital.com.br\/index.php?rest_route=%2Fwp%2Fv2%2Fmedia&parent=129242"}],"wp:term":[{"taxonomy":"category","embeddable":true,"href":"https:\/\/diarioregionaldigital.com.br\/index.php?rest_route=%2Fwp%2Fv2%2Fcategories&post=129242"},{"taxonomy":"post_tag","embeddable":true,"href":"https:\/\/diarioregionaldigital.com.br\/index.php?rest_route=%2Fwp%2Fv2%2Ftags&post=129242"}],"curies":[{"name":"wp","href":"https:\/\/api.w.org\/{rel}","templated":true}]}}