{"id":129238,"date":"2018-12-26T08:04:53","date_gmt":"2018-12-26T10:04:53","guid":{"rendered":"https:\/\/diarioregionaldigital.com.br\/?p=129238"},"modified":"2018-12-26T08:04:53","modified_gmt":"2018-12-26T10:04:53","slug":"jovem-e-encontrado-morto-no-dia-de-natal-em-juiz-de-fora","status":"publish","type":"post","link":"https:\/\/diarioregionaldigital.com.br\/?p=129238","title":{"rendered":"Jovem \u00e9 encontrado morto no dia de Natal em Juiz de Fora"},"content":{"rendered":"<p>Um jovem, de 23 anos, foi morto nessa ter\u00e7a-feira, 25, no bairro Santa Rita, na regi\u00e3o Leste de Juiz de Fora. De acordo a Pol\u00edcia Militar, a v\u00edtima foi encontrada ca\u00edda na Rua Marina Ribeiro Oliveira, pouco antes das 5h.<\/p>\n<p>Segundo a per\u00edcia que foi at\u00e9 o local, o rapaz foi atingido na cabe\u00e7a por tr\u00eas disparos de arma de fogo. O Servi\u00e7o de Atendimento M\u00f3vel de Urg\u00eancia tamb\u00e9m foi acionado, mas o jovem j\u00e1 se encontrava morto quando a equipe chegou.<\/p>\n<p>A PM agora ir\u00e1 investigar o caso.<\/p>\n","protected":false},"excerpt":{"rendered":"<p>Um jovem, de 23 anos, foi morto nessa ter\u00e7a-feira, 25, no bairro Santa Rita, na regi\u00e3o Leste de Juiz de Fora. De acordo a Pol\u00edcia Militar, a v\u00edtima foi encontrada ca\u00edda na Rua Marina Ribeiro Oliveira, pouco antes das 5h. Segundo a per\u00edcia que foi at\u00e9 o local, o rapaz foi atingido na cabe\u00e7a por [&hellip;]<\/p>\n","protected":false},"author":96,"featured_media":95836,"comment_status":"closed","ping_status":"closed","sticky":false,"template":"","format":"standard","meta":{"footnotes":""},"categories":[301],"tags":[],"class_list":["post-129238","post","type-post","status-publish","format-standard","has-post-thumbnail","hentry","category-artigos-policiais"],"_links":{"self":[{"href":"https:\/\/diarioregionaldigital.com.br\/index.php?rest_route=\/wp\/v2\/posts\/129238","targetHints":{"allow":["GET"]}}],"collection":[{"href":"https:\/\/diarioregionaldigital.com.br\/index.php?rest_route=\/wp\/v2\/posts"}],"about":[{"href":"https:\/\/diarioregionaldigital.com.br\/index.php?rest_route=\/wp\/v2\/types\/post"}],"author":[{"embeddable":true,"href":"https:\/\/diarioregionaldigital.com.br\/index.php?rest_route=\/wp\/v2\/users\/96"}],"replies":[{"embeddable":true,"href":"https:\/\/diarioregionaldigital.com.br\/index.php?rest_route=%2Fwp%2Fv2%2Fcomments&post=129238"}],"version-history":[{"count":0,"href":"https:\/\/diarioregionaldigital.com.br\/index.php?rest_route=\/wp\/v2\/posts\/129238\/revisions"}],"wp:featuredmedia":[{"embeddable":true,"href":"https:\/\/diarioregionaldigital.com.br\/index.php?rest_route=\/wp\/v2\/media\/95836"}],"wp:attachment":[{"href":"https:\/\/diarioregionaldigital.com.br\/index.php?rest_route=%2Fwp%2Fv2%2Fmedia&parent=129238"}],"wp:term":[{"taxonomy":"category","embeddable":true,"href":"https:\/\/diarioregionaldigital.com.br\/index.php?rest_route=%2Fwp%2Fv2%2Fcategories&post=129238"},{"taxonomy":"post_tag","embeddable":true,"href":"https:\/\/diarioregionaldigital.com.br\/index.php?rest_route=%2Fwp%2Fv2%2Ftags&post=129238"}],"curies":[{"name":"wp","href":"https:\/\/api.w.org\/{rel}","templated":true}]}}