{"id":129187,"date":"2018-12-24T20:15:13","date_gmt":"2018-12-24T22:15:13","guid":{"rendered":"https:\/\/diarioregionaldigital.com.br\/?p=129187"},"modified":"2018-12-25T00:24:39","modified_gmt":"2018-12-25T02:24:39","slug":"chuvas-intensas-causam-alagamentos-e-estragos-em-diversas-regioes-de-jf","status":"publish","type":"post","link":"https:\/\/diarioregionaldigital.com.br\/?p=129187","title":{"rendered":"Chuvas intensas causam alagamentos e estragos em diversas regi\u00f5es de JF"},"content":{"rendered":"<p>Mais um temporal atingiu a cidade na tarde dessa segunda-feira, 24. \u00c1s v\u00e9speras do Natal, diversos moradores ficaram assustados com a quantidade de \u00e1gua que deixou v\u00e1rias ruas alagadas, e diversos estragos.<\/p>\n<p>Conforme os dados da medi\u00e7\u00e3o da esta\u00e7\u00e3o do Instituto Nacional de Meteorologia, cerca de 55,8 mil\u00edmetros de chuva ca\u00edram em 1h. Na soma total do dia, a medi\u00e7\u00e3o soma quase 70 mil\u00edmetros.<\/p>\n<div class=\"mc-column content-text active-extra-styles \" data-block-type=\"unstyled\" data-block-weight=\"54\" data-block-id=\"3\">\n<p class=\"content-text__container \" data-track-category=\"Link no Texto\" data-track-links=\"\">A assessoria da Defesa Civil informou que at\u00e9 o momento foram registradas tr\u00eas ocorr\u00eancias: duas relativas \u00e0 queda de muro de divisa no Bairu e no Bom Jardim. Outra seria um deslizamento de talude no Santa Rita. As ocorr\u00eancias continuam em atendimento. A orienta\u00e7\u00e3o da pasta da PJF \u00e9 acionar o setor em situa\u00e7\u00f5es de risco atrav\u00e9s do 199, que funciona 24h.<\/p>\n<p data-track-category=\"Link no Texto\" data-track-links=\"\">O Corpo de Bombeiros est\u00e1 em intenso trabalho pelas ruas da cidade, tendo em vista que a regi\u00e3o Leste at\u00e9 o momento \u00e9 a mais atingida pelas chuvas.<\/p>\n<p data-track-category=\"Link no Texto\" data-track-links=\"\">A situa\u00e7\u00e3o est\u00e1 bem cr\u00edtica aos moradores dos bairros Tr\u00eas Moinhos, Linhares e adjac\u00eancias. V\u00e1rias pessoas j\u00e1 relataram \u00e0 reportagem estarem desabrigadas, pois a enxurrada tomou conta de ruas inteiras, levando tudo de dentro das resid\u00eancias.\u00a0 O momento \u00e9 de total aten\u00e7\u00e3o, pois a chuva segue intensa por toda a cidade.<\/p>\n<div style=\"width: 640px;\" class=\"wp-video\"><!--[if lt IE 9]><script>document.createElement('video');<\/script><![endif]-->\n<video class=\"wp-video-shortcode\" id=\"video-129187-1\" width=\"640\" height=\"352\" preload=\"metadata\" controls=\"controls\"><source type=\"video\/mp4\" src=\"https:\/\/diarioregionaldigital.com.br\/wp-content\/uploads\/2018\/12\/WhatsApp-Video-2018-12-24-at-19.30.21.mp4?_=1\" \/><a href=\"https:\/\/diarioregionaldigital.com.br\/wp-content\/uploads\/2018\/12\/WhatsApp-Video-2018-12-24-at-19.30.21.mp4\">https:\/\/diarioregionaldigital.com.br\/wp-content\/uploads\/2018\/12\/WhatsApp-Video-2018-12-24-at-19.30.21.mp4<\/a><\/video><\/div>\n<p><em>V\u00eddeo enviado pelo nosso leitor Pablo Bresan, com os danos do bairro Tr\u00eas Moinhos. <\/em><\/p>\n<\/div>\n<p data-track-category=\"Link no Texto\" data-track-links=\"\">No bairro Vitorino Braga, diversos pontos da rua hom\u00f4nima ficaram totalmente alargadas. Nos registros \u00e9 poss\u00edvel identificar que diversos carros foram levados pela enxurrada e ficaram totalmente submersos na \u00e1gua.<\/p>\n<div id=\"attachment_129190\" style=\"width: 1610px\" class=\"wp-caption aligncenter\"><img loading=\"lazy\" decoding=\"async\" aria-describedby=\"caption-attachment-129190\" class=\"size-full wp-image-129190\" src=\"https:\/\/diarioregionaldigital.com.br\/wp-content\/uploads\/2018\/12\/fotolucianapereiraarquivopessoal.jpg\" alt=\"\" width=\"1600\" height=\"2133\" srcset=\"https:\/\/diarioregionaldigital.com.br\/wp-content\/uploads\/2018\/12\/fotolucianapereiraarquivopessoal.jpg 1600w, https:\/\/diarioregionaldigital.com.br\/wp-content\/uploads\/2018\/12\/fotolucianapereiraarquivopessoal-225x300.jpg 225w, https:\/\/diarioregionaldigital.com.br\/wp-content\/uploads\/2018\/12\/fotolucianapereiraarquivopessoal-768x1024.jpg 768w, https:\/\/diarioregionaldigital.com.br\/wp-content\/uploads\/2018\/12\/fotolucianapereiraarquivopessoal-360x480.jpg 360w\" sizes=\"auto, (max-width: 1600px) 100vw, 1600px\" \/><p id=\"caption-attachment-129190\" class=\"wp-caption-text\"><em>Registro realizado nessa tarde no bairro Vitorino Braga, regi\u00e3o Leste. Foto: Luciana Pereira\/ Arquivo Pessoal<\/em><\/p><\/div>\n<p data-track-category=\"Link no Texto\" data-track-links=\"\">Uma \u00e1rvore caiu pr\u00f3ximo ao Museu Mariano Proc\u00f3pio. O tr\u00e2nsito na regi\u00e3o tamb\u00e9m est\u00e1 complicado e com diversos pontos de alamento, como na pr\u00f3pria rua rua Mariano Proc\u00f3pio, rua Senador Feliciano Pena, e diversos pontos da Avenida Rui Barbosa.<\/p>\n<div id=\"attachment_129192\" style=\"width: 4618px\" class=\"wp-caption aligncenter\"><img loading=\"lazy\" decoding=\"async\" aria-describedby=\"caption-attachment-129192\" class=\"size-full wp-image-129192\" src=\"https:\/\/diarioregionaldigital.com.br\/wp-content\/uploads\/2018\/12\/IMG_20181224_172155568_BURST007-1.jpg\" alt=\"\" width=\"4608\" height=\"3456\" srcset=\"https:\/\/diarioregionaldigital.com.br\/wp-content\/uploads\/2018\/12\/IMG_20181224_172155568_BURST007-1.jpg 4608w, https:\/\/diarioregionaldigital.com.br\/wp-content\/uploads\/2018\/12\/IMG_20181224_172155568_BURST007-1-300x225.jpg 300w, https:\/\/diarioregionaldigital.com.br\/wp-content\/uploads\/2018\/12\/IMG_20181224_172155568_BURST007-1-768x576.jpg 768w, https:\/\/diarioregionaldigital.com.br\/wp-content\/uploads\/2018\/12\/IMG_20181224_172155568_BURST007-1-1024x768.jpg 1024w, https:\/\/diarioregionaldigital.com.br\/wp-content\/uploads\/2018\/12\/IMG_20181224_172155568_BURST007-1-360x270.jpg 360w\" sizes=\"auto, (max-width: 4608px) 100vw, 4608px\" \/><p id=\"caption-attachment-129192\" class=\"wp-caption-text\"><em>Tr\u00e2nsito est\u00e1 complicado no local, mas sem registro de feridos neste local. Fotos: J\u00e9ssica Pereira<\/em><\/p><\/div>\n<p data-track-category=\"Link no Texto\" data-track-links=\"\">No bairro Santa Terezinha, mais estragos voltaram a acontecer nas proximidades do cruzamento com a rua Cust\u00f3dio Trist\u00e3o.<\/p>\n\n\t\t<style type=\"text\/css\">\n\t\t\t#gallery-1 {\n\t\t\t\tmargin: auto;\n\t\t\t}\n\t\t\t#gallery-1 .gallery-item {\n\t\t\t\tfloat: left;\n\t\t\t\tmargin-top: 10px;\n\t\t\t\ttext-align: center;\n\t\t\t\twidth: 50%;\n\t\t\t}\n\t\t\t#gallery-1 img {\n\t\t\t\tborder: 2px solid #cfcfcf;\n\t\t\t}\n\t\t\t#gallery-1 .gallery-caption {\n\t\t\t\tmargin-left: 0;\n\t\t\t}\n\t\t\t\/* see gallery_shortcode() in wp-includes\/media.php *\/\n\t\t<\/style>\n\t\t<div id='gallery-1' class='gallery galleryid-129187 gallery-columns-2 gallery-size-large'><dl class='gallery-item'>\n\t\t\t<dt class='gallery-icon landscape'>\n\t\t\t\t<img loading=\"lazy\" decoding=\"async\" width=\"1024\" height=\"768\" src=\"https:\/\/diarioregionaldigital.com.br\/wp-content\/uploads\/2018\/12\/IMG_20181224_172516947_BURST000_COVER-1-1024x768.jpg\" class=\"attachment-large size-large\" alt=\"\" aria-describedby=\"gallery-1-129195\" srcset=\"https:\/\/diarioregionaldigital.com.br\/wp-content\/uploads\/2018\/12\/IMG_20181224_172516947_BURST000_COVER-1-1024x768.jpg 1024w, https:\/\/diarioregionaldigital.com.br\/wp-content\/uploads\/2018\/12\/IMG_20181224_172516947_BURST000_COVER-1-300x225.jpg 300w, https:\/\/diarioregionaldigital.com.br\/wp-content\/uploads\/2018\/12\/IMG_20181224_172516947_BURST000_COVER-1-768x576.jpg 768w, https:\/\/diarioregionaldigital.com.br\/wp-content\/uploads\/2018\/12\/IMG_20181224_172516947_BURST000_COVER-1-360x270.jpg 360w, https:\/\/diarioregionaldigital.com.br\/wp-content\/uploads\/2018\/12\/IMG_20181224_172516947_BURST000_COVER-1.jpg 1152w\" sizes=\"auto, (max-width: 1024px) 100vw, 1024px\" \/>\n\t\t\t<\/dt>\n\t\t\t\t<dd class='wp-caption-text gallery-caption' id='gallery-1-129195'>\n\t\t\t\tFotos: J\u00e9ssica Pereira\n\t\t\t\t<\/dd><\/dl><dl class='gallery-item'>\n\t\t\t<dt class='gallery-icon landscape'>\n\t\t\t\t<img loading=\"lazy\" decoding=\"async\" width=\"1024\" height=\"768\" src=\"https:\/\/diarioregionaldigital.com.br\/wp-content\/uploads\/2018\/12\/IMG_20181224_172617000_BURST000_COVER-1-1024x768.jpg\" class=\"attachment-large size-large\" alt=\"\" aria-describedby=\"gallery-1-129196\" srcset=\"https:\/\/diarioregionaldigital.com.br\/wp-content\/uploads\/2018\/12\/IMG_20181224_172617000_BURST000_COVER-1-1024x768.jpg 1024w, https:\/\/diarioregionaldigital.com.br\/wp-content\/uploads\/2018\/12\/IMG_20181224_172617000_BURST000_COVER-1-300x225.jpg 300w, https:\/\/diarioregionaldigital.com.br\/wp-content\/uploads\/2018\/12\/IMG_20181224_172617000_BURST000_COVER-1-768x576.jpg 768w, https:\/\/diarioregionaldigital.com.br\/wp-content\/uploads\/2018\/12\/IMG_20181224_172617000_BURST000_COVER-1-360x270.jpg 360w, https:\/\/diarioregionaldigital.com.br\/wp-content\/uploads\/2018\/12\/IMG_20181224_172617000_BURST000_COVER-1.jpg 1152w\" sizes=\"auto, (max-width: 1024px) 100vw, 1024px\" \/>\n\t\t\t<\/dt>\n\t\t\t\t<dd class='wp-caption-text gallery-caption' id='gallery-1-129196'>\n\t\t\t\tTrecho da rua Cust\u00f3dio Trist\u00e3o.\n\t\t\t\t<\/dd><\/dl><br style=\"clear: both\" \/>\n\t\t<\/div>\n\n<p data-track-category=\"Link no Texto\" data-track-links=\"\">Momento \u00e9 de total aten\u00e7\u00e3o para os juiz-foranos. At\u00e9 o momento a chuva segue e ventos podem registrar at\u00e9 13km\/h. A cidade est\u00e1 em Alerta Laranja &#8211; chuva entre 30 e 60 mm\/h ou 50 e 100 mm\/dia, ventos intensos e risco de corte de energia el\u00e9trica, queda de galhos de \u00e1rvores, alagamentos e de descargas el\u00e9tricas.<\/p>\n<h3 style=\"text-align: center;\" data-track-category=\"Link no Texto\">A\u00c7\u00d5ES RECOMENDADAS:<\/h3>\n<p data-track-category=\"Link no Texto\" data-track-links=\"\">\u00a0Em caso de rajadas de vento: (n\u00e3o se abrigue debaixo de \u00e1rvores, pois h\u00e1 risco de queda e descargas el\u00e9tricas e n\u00e3o estacione ve\u00edculos pr\u00f3ximos a torres de transmiss\u00e3o e placas de propaganda) ;<\/p>\n<p data-track-category=\"Link no Texto\" data-track-links=\"\">* Se poss\u00edvel, desligue aparelhos el\u00e9tricos e quadro geral de energia;<\/p>\n<p data-track-category=\"Link no Texto\" data-track-links=\"\">* Obtenha mais informa\u00e7\u00f5es junto \u00e0 Defesa Civil (telefone 199) e ao Corpo de Bombeiros (telefone 193);<\/p>\n<hr \/>\n<h3>Central unificada \u00e9 montada para atender ocorr\u00eancias das chuvas<\/h3>\n<p>A Defesa Civil de Juiz de Fora montou uma Central Unificada com o Corpo de Bombeiros e o Samu para atendimento das ocorr\u00eancias por conta das fortes chuvas ocorridas na tarde deste dia 24 em Juiz de Fora. O prefeito Ant\u00f4nio Almas acompanhou os trabalhos no local, mobilizando todos os setores da PJF para as ocorr\u00eancias.<\/p>\n<p>O \u00f3rg\u00e3o recebeu 13 chamados, todos na regi\u00e3o leste. A maioria foi relativo a queda de muro de divisa. Houve tamb\u00e9m deslizamento de barranco, no Santa Rita e no S\u00e3o Tarcisio. As fam\u00edlias, por precau\u00e7\u00e3o, foram para a casa de parentes.<\/p>\n<p>Al\u00e9m disso, a cidade registrou pontos de inunda\u00e7\u00e3o no Mergulh\u00e3o da Avenida Bar\u00e3o do Rio Branco, no bairro Vitorino Braga e no Manoel Hon\u00f3rio. Caminh\u00f5es pipa far\u00e3o a limpeza das vias.<\/p>\n<p>O pluvi\u00f4metro localizado na sede da Defesa Civil, na Rua Garibaldi Campinhos, registrou 95mm de chuva nas \u00faltimas 24 horas. A previs\u00e3o \u00e9 de que a chuva continue nesta ter\u00e7a, portanto, a Prefeitura refor\u00e7a que, em caso de risco, a Defesa Civil seja acionada imediatamente atrav\u00e9s do 199.<\/p>\n<p>&nbsp;<\/p>\n","protected":false},"excerpt":{"rendered":"<p>Mais um temporal atingiu a cidade na tarde dessa segunda-feira, 24. \u00c1s v\u00e9speras do Natal, diversos moradores ficaram assustados com a quantidade de \u00e1gua que deixou v\u00e1rias ruas alagadas, e diversos estragos. Conforme os dados da medi\u00e7\u00e3o da esta\u00e7\u00e3o do Instituto Nacional de Meteorologia, cerca de 55,8 mil\u00edmetros de chuva ca\u00edram em 1h. Na soma [&hellip;]<\/p>\n","protected":false},"author":96,"featured_media":129188,"comment_status":"closed","ping_status":"closed","sticky":false,"template":"","format":"standard","meta":{"footnotes":""},"categories":[253,440,439],"tags":[],"class_list":["post-129187","post","type-post","status-publish","format-standard","has-post-thumbnail","hentry","category-cidade","category-destaques-do-dia","category-ultima-hora"],"_links":{"self":[{"href":"https:\/\/diarioregionaldigital.com.br\/index.php?rest_route=\/wp\/v2\/posts\/129187","targetHints":{"allow":["GET"]}}],"collection":[{"href":"https:\/\/diarioregionaldigital.com.br\/index.php?rest_route=\/wp\/v2\/posts"}],"about":[{"href":"https:\/\/diarioregionaldigital.com.br\/index.php?rest_route=\/wp\/v2\/types\/post"}],"author":[{"embeddable":true,"href":"https:\/\/diarioregionaldigital.com.br\/index.php?rest_route=\/wp\/v2\/users\/96"}],"replies":[{"embeddable":true,"href":"https:\/\/diarioregionaldigital.com.br\/index.php?rest_route=%2Fwp%2Fv2%2Fcomments&post=129187"}],"version-history":[{"count":0,"href":"https:\/\/diarioregionaldigital.com.br\/index.php?rest_route=\/wp\/v2\/posts\/129187\/revisions"}],"wp:featuredmedia":[{"embeddable":true,"href":"https:\/\/diarioregionaldigital.com.br\/index.php?rest_route=\/wp\/v2\/media\/129188"}],"wp:attachment":[{"href":"https:\/\/diarioregionaldigital.com.br\/index.php?rest_route=%2Fwp%2Fv2%2Fmedia&parent=129187"}],"wp:term":[{"taxonomy":"category","embeddable":true,"href":"https:\/\/diarioregionaldigital.com.br\/index.php?rest_route=%2Fwp%2Fv2%2Fcategories&post=129187"},{"taxonomy":"post_tag","embeddable":true,"href":"https:\/\/diarioregionaldigital.com.br\/index.php?rest_route=%2Fwp%2Fv2%2Ftags&post=129187"}],"curies":[{"name":"wp","href":"https:\/\/api.w.org\/{rel}","templated":true}]}}