{"id":129175,"date":"2018-12-24T18:48:05","date_gmt":"2018-12-24T20:48:05","guid":{"rendered":"https:\/\/diarioregionaldigital.com.br\/?p=129175"},"modified":"2018-12-24T18:48:05","modified_gmt":"2018-12-24T20:48:05","slug":"voo-da-latam-tem-problemas-e-retorna-a-guarulhos-apos-decolagem","status":"publish","type":"post","link":"https:\/\/diarioregionaldigital.com.br\/?p=129175","title":{"rendered":"Voo da Latam tem problemas e retorna a Guarulhos ap\u00f3s decolagem"},"content":{"rendered":"<p>Um voo da Latam, que partiu no in\u00edcio da madrugada dessa segunda-feira, 24, com destino a Paris, teve que retornar ao Aeroporto Internacional de Guarulhos devido a problemas t\u00e9cnicos. A companhia n\u00e3o detalhou quais foram os problemas enfrentados pela aeronave, apenas que o avi\u00e3o precisou voltar para uma \u201cmanuten\u00e7\u00e3o corretiva\u201d.<\/p>\n<p>A Latam informou, por meio de nota, que est\u00e1 prestando a \u201cassist\u00eancia necess\u00e1ria aos passageiros\u201d. Segundo o comunicado, o voo foi remarcado para as 18h45 dessa segunda-feira. A empresa disse ainda que considera que \u201ca seguran\u00e7a \u00e9 um valor imprescind\u00edvel\u201d e que \u201ctodas as suas decis\u00f5es visam garantir uma opera\u00e7\u00e3o segura\u201d.<\/p>\n<h2>Belo Horizonte<\/h2>\n<p>Um outro problema envolvendo um voo da Latam est\u00e1 sendo investigado pelo Centro de Investiga\u00e7\u00e3o e Preven\u00e7\u00e3o de Acidentes Aeron\u00e1uticos (Cenipa). Na madrugada da \u00faltima quinta-feira, 20, um avi\u00e3o que havia decolado do Aeroporto Internacional de Cumbica, em Guarulhos, pouco depois da meia-noite, teve que fazer um pouso de emerg\u00eancia no Aeroporto Internacional de Belo Horizonte-Confins.<\/p>\n<p>O Boeing 777 que levava 339 passageiros em um voo para Londres, capital inglesa, sofreu uma pane. Durante a aterrizagem, os pneus da aeronave foram danificados. Segundo a BH Airport, concession\u00e1ria que administra o terminal, a pista foi interditada \u00e0s 1h43 e liberada totalmente para pousos e decolagens somente \u00e0s 22h48. A concession\u00e1ria informou que o reparo da aeronave, que teve v\u00e1rios pneus danificados, foi conclu\u00eddo \u00e0s 21h58.<\/p>\n<p>A Latam informou, por meio de sua assessoria de imprensa, que todos os passageiros do voo foram transportados para o Aeroporto de Guarulhos, onde embarcaram em outro avi\u00e3o da empresa para Londres.<\/p>\n<p>Na \u00faltima sexta-feira, 21, uma equipe de investigadores esteve no local para uma a\u00e7\u00e3o inicial da ocorr\u00eancia envolvendo a aeronave que, al\u00e9m dos passageiros, estava tamb\u00e9m com 16 tripulantes a bordo.<\/p>\n<p>&nbsp;<\/p>\n<p>Fonte: Ag\u00eancia Brasil<\/p>\n","protected":false},"excerpt":{"rendered":"<p>Um voo da Latam, que partiu no in\u00edcio da madrugada dessa segunda-feira, 24, com destino a Paris, teve que retornar ao Aeroporto Internacional de Guarulhos devido a problemas t\u00e9cnicos. A companhia n\u00e3o detalhou quais foram os problemas enfrentados pela aeronave, apenas que o avi\u00e3o precisou voltar para uma \u201cmanuten\u00e7\u00e3o corretiva\u201d. A Latam informou, por meio [&hellip;]<\/p>\n","protected":false},"author":96,"featured_media":129176,"comment_status":"closed","ping_status":"closed","sticky":false,"template":"","format":"standard","meta":{"footnotes":""},"categories":[302,440,439],"tags":[],"class_list":["post-129175","post","type-post","status-publish","format-standard","has-post-thumbnail","hentry","category-brasil-mundo","category-destaques-do-dia","category-ultima-hora"],"_links":{"self":[{"href":"https:\/\/diarioregionaldigital.com.br\/index.php?rest_route=\/wp\/v2\/posts\/129175","targetHints":{"allow":["GET"]}}],"collection":[{"href":"https:\/\/diarioregionaldigital.com.br\/index.php?rest_route=\/wp\/v2\/posts"}],"about":[{"href":"https:\/\/diarioregionaldigital.com.br\/index.php?rest_route=\/wp\/v2\/types\/post"}],"author":[{"embeddable":true,"href":"https:\/\/diarioregionaldigital.com.br\/index.php?rest_route=\/wp\/v2\/users\/96"}],"replies":[{"embeddable":true,"href":"https:\/\/diarioregionaldigital.com.br\/index.php?rest_route=%2Fwp%2Fv2%2Fcomments&post=129175"}],"version-history":[{"count":0,"href":"https:\/\/diarioregionaldigital.com.br\/index.php?rest_route=\/wp\/v2\/posts\/129175\/revisions"}],"wp:featuredmedia":[{"embeddable":true,"href":"https:\/\/diarioregionaldigital.com.br\/index.php?rest_route=\/wp\/v2\/media\/129176"}],"wp:attachment":[{"href":"https:\/\/diarioregionaldigital.com.br\/index.php?rest_route=%2Fwp%2Fv2%2Fmedia&parent=129175"}],"wp:term":[{"taxonomy":"category","embeddable":true,"href":"https:\/\/diarioregionaldigital.com.br\/index.php?rest_route=%2Fwp%2Fv2%2Fcategories&post=129175"},{"taxonomy":"post_tag","embeddable":true,"href":"https:\/\/diarioregionaldigital.com.br\/index.php?rest_route=%2Fwp%2Fv2%2Ftags&post=129175"}],"curies":[{"name":"wp","href":"https:\/\/api.w.org\/{rel}","templated":true}]}}