{"id":129172,"date":"2018-12-24T18:41:58","date_gmt":"2018-12-24T20:41:58","guid":{"rendered":"https:\/\/diarioregionaldigital.com.br\/?p=129172"},"modified":"2018-12-24T18:41:58","modified_gmt":"2018-12-24T20:41:58","slug":"homens-armados-retiram-preso-de-unidade-em-minas-gerais","status":"publish","type":"post","link":"https:\/\/diarioregionaldigital.com.br\/?p=129172","title":{"rendered":"Homens armados retiram preso de unidade em Minas Gerais"},"content":{"rendered":"<p>Homens armados retiraram um preso do Centro de Remanejamento do Sistema Prisional (Ceresp) Betim, em Minas Gerais. A fuga ocorreu na tarde desse domingo, 23.<\/p>\n<p>De acordo com a Secretaria de Estado de Administra\u00e7\u00e3o Prisional (Seap), um grupo com homens armados disparou contra a unidade por volta das 15h. \u201cPor meio de um buraco na parede de um dos pavilh\u00f5es um preso teve acesso \u00e0 \u00e1rea externa da unidade e foi resgatado pelos ocupantes do ve\u00edculo\u201d, informou a secretaria.<\/p>\n<p>O preso foragido \u00e9 Jonathan Silva de Oliveira, de 32 anos.<\/p>\n<p>Em outra cidade mineira, Contagem, presos do Complexo Penitenci\u00e1rio Nelson Hungria (CPNH) tentaram fugir na madrugada desta segunda-feira (24). Um dos detentos tentou escalar por meio de uma corda feita com retalhos (tereza), caiu e foi levado para o hospital municipal.<\/p>\n<p>&nbsp;<\/p>\n<p>Fonte: Ag\u00eancia Brasil<\/p>\n","protected":false},"excerpt":{"rendered":"<p>Homens armados retiraram um preso do Centro de Remanejamento do Sistema Prisional (Ceresp) Betim, em Minas Gerais. A fuga ocorreu na tarde desse domingo, 23. De acordo com a Secretaria de Estado de Administra\u00e7\u00e3o Prisional (Seap), um grupo com homens armados disparou contra a unidade por volta das 15h. \u201cPor meio de um buraco na [&hellip;]<\/p>\n","protected":false},"author":96,"featured_media":129173,"comment_status":"closed","ping_status":"closed","sticky":false,"template":"","format":"standard","meta":{"footnotes":""},"categories":[440,252,439],"tags":[],"class_list":["post-129172","post","type-post","status-publish","format-standard","has-post-thumbnail","hentry","category-destaques-do-dia","category-regiao","category-ultima-hora"],"_links":{"self":[{"href":"https:\/\/diarioregionaldigital.com.br\/index.php?rest_route=\/wp\/v2\/posts\/129172","targetHints":{"allow":["GET"]}}],"collection":[{"href":"https:\/\/diarioregionaldigital.com.br\/index.php?rest_route=\/wp\/v2\/posts"}],"about":[{"href":"https:\/\/diarioregionaldigital.com.br\/index.php?rest_route=\/wp\/v2\/types\/post"}],"author":[{"embeddable":true,"href":"https:\/\/diarioregionaldigital.com.br\/index.php?rest_route=\/wp\/v2\/users\/96"}],"replies":[{"embeddable":true,"href":"https:\/\/diarioregionaldigital.com.br\/index.php?rest_route=%2Fwp%2Fv2%2Fcomments&post=129172"}],"version-history":[{"count":0,"href":"https:\/\/diarioregionaldigital.com.br\/index.php?rest_route=\/wp\/v2\/posts\/129172\/revisions"}],"wp:featuredmedia":[{"embeddable":true,"href":"https:\/\/diarioregionaldigital.com.br\/index.php?rest_route=\/wp\/v2\/media\/129173"}],"wp:attachment":[{"href":"https:\/\/diarioregionaldigital.com.br\/index.php?rest_route=%2Fwp%2Fv2%2Fmedia&parent=129172"}],"wp:term":[{"taxonomy":"category","embeddable":true,"href":"https:\/\/diarioregionaldigital.com.br\/index.php?rest_route=%2Fwp%2Fv2%2Fcategories&post=129172"},{"taxonomy":"post_tag","embeddable":true,"href":"https:\/\/diarioregionaldigital.com.br\/index.php?rest_route=%2Fwp%2Fv2%2Ftags&post=129172"}],"curies":[{"name":"wp","href":"https:\/\/api.w.org\/{rel}","templated":true}]}}