{"id":129169,"date":"2018-12-23T22:59:26","date_gmt":"2018-12-24T00:59:26","guid":{"rendered":"https:\/\/diarioregionaldigital.com.br\/?p=129169"},"modified":"2018-12-23T22:59:26","modified_gmt":"2018-12-24T00:59:26","slug":"agencias-bancarias-abrem-em-horario-especial-nesta-segunda-feira","status":"publish","type":"post","link":"https:\/\/diarioregionaldigital.com.br\/?p=129169","title":{"rendered":"Ag\u00eancias banc\u00e1rias abrem em hor\u00e1rio especial nesta segunda-feira"},"content":{"rendered":"<p>As ag\u00eancias banc\u00e1rias abrem nesta segunda-feira, 24, v\u00e9spera do Natal, em hor\u00e1rio especial para o atendimento ao p\u00fablico.<\/p>\n<p>Nos estados com hor\u00e1rio igual ao de Bras\u00edlia, o per\u00edodo de funcionamento ser\u00e1 das 9h \u00e0s 11h. Estados com 1 ou 2 horas de diferen\u00e7a em rela\u00e7\u00e3o \u00e0 Bras\u00edlia, o atendimento ser\u00e1 das 8h \u00e0s 10h (9h \u00e0s 11h ou 10h \u00e0s 12h, em Bras\u00edlia). Se a diferen\u00e7a for de 3 horas, as ag\u00eancias abrem das 7h \u00e0s 9h (10h \u00e0s 12h, em Bras\u00edlia).<\/p>\n<p>O pr\u00f3ximo dia 28 ser\u00e1 o \u00faltimo dia \u00fatil do ano para atendimento ao p\u00fablico, com expediente normal para a realiza\u00e7\u00e3o de todas as opera\u00e7\u00f5es banc\u00e1rias. J\u00e1 no dia 31 de dezembro (segunda-feira), as institui\u00e7\u00f5es financeiras n\u00e3o abrem para atendimento.<\/p>\n<p>A popula\u00e7\u00e3o poder\u00e1 utilizar os canais alternativos de atendimento banc\u00e1rio, como mobile e internet\u00a0<em>banking<\/em>, caixas eletr\u00f4nicos, banco por telefone e correspondentes para fazer transa\u00e7\u00f5es financeiras.<\/p>\n<p>Os carn\u00eas e contas de consumo (como \u00e1gua, energia, telefone e etc) vencidos no feriado poder\u00e3o ser pagos sem acr\u00e9scimo no dia \u00fatil seguinte. Normalmente, os tributos j\u00e1 est\u00e3o com as datas ajustadas ao calend\u00e1rio de feriados, sejam federais, estaduais ou municipais.<\/p>\n<p>Os clientes tamb\u00e9m podem agendar os pagamentos das contas de consumo ou pag\u00e1-las (as que t\u00eam c\u00f3digo de barras) nos pr\u00f3prios caixas autom\u00e1ticos. J\u00e1 os boletos banc\u00e1rios de clientes cadastrados como sacados eletr\u00f4nicos poder\u00e3o ser agendados ou pagos por meio do DDA (D\u00e9bito Direto Autorizado).<\/p>\n<p>&nbsp;<\/p>\n<p>Fonte:Ag\u00eancia Brasil<\/p>\n","protected":false},"excerpt":{"rendered":"<p>As ag\u00eancias banc\u00e1rias abrem nesta segunda-feira, 24, v\u00e9spera do Natal, em hor\u00e1rio especial para o atendimento ao p\u00fablico. Nos estados com hor\u00e1rio igual ao de Bras\u00edlia, o per\u00edodo de funcionamento ser\u00e1 das 9h \u00e0s 11h. Estados com 1 ou 2 horas de diferen\u00e7a em rela\u00e7\u00e3o \u00e0 Bras\u00edlia, o atendimento ser\u00e1 das 8h \u00e0s 10h (9h [&hellip;]<\/p>\n","protected":false},"author":96,"featured_media":129170,"comment_status":"closed","ping_status":"closed","sticky":false,"template":"","format":"standard","meta":{"footnotes":""},"categories":[302,440,439],"tags":[],"class_list":["post-129169","post","type-post","status-publish","format-standard","has-post-thumbnail","hentry","category-brasil-mundo","category-destaques-do-dia","category-ultima-hora"],"_links":{"self":[{"href":"https:\/\/diarioregionaldigital.com.br\/index.php?rest_route=\/wp\/v2\/posts\/129169","targetHints":{"allow":["GET"]}}],"collection":[{"href":"https:\/\/diarioregionaldigital.com.br\/index.php?rest_route=\/wp\/v2\/posts"}],"about":[{"href":"https:\/\/diarioregionaldigital.com.br\/index.php?rest_route=\/wp\/v2\/types\/post"}],"author":[{"embeddable":true,"href":"https:\/\/diarioregionaldigital.com.br\/index.php?rest_route=\/wp\/v2\/users\/96"}],"replies":[{"embeddable":true,"href":"https:\/\/diarioregionaldigital.com.br\/index.php?rest_route=%2Fwp%2Fv2%2Fcomments&post=129169"}],"version-history":[{"count":0,"href":"https:\/\/diarioregionaldigital.com.br\/index.php?rest_route=\/wp\/v2\/posts\/129169\/revisions"}],"wp:featuredmedia":[{"embeddable":true,"href":"https:\/\/diarioregionaldigital.com.br\/index.php?rest_route=\/wp\/v2\/media\/129170"}],"wp:attachment":[{"href":"https:\/\/diarioregionaldigital.com.br\/index.php?rest_route=%2Fwp%2Fv2%2Fmedia&parent=129169"}],"wp:term":[{"taxonomy":"category","embeddable":true,"href":"https:\/\/diarioregionaldigital.com.br\/index.php?rest_route=%2Fwp%2Fv2%2Fcategories&post=129169"},{"taxonomy":"post_tag","embeddable":true,"href":"https:\/\/diarioregionaldigital.com.br\/index.php?rest_route=%2Fwp%2Fv2%2Ftags&post=129169"}],"curies":[{"name":"wp","href":"https:\/\/api.w.org\/{rel}","templated":true}]}}