{"id":129166,"date":"2018-12-23T22:56:42","date_gmt":"2018-12-24T00:56:42","guid":{"rendered":"https:\/\/diarioregionaldigital.com.br\/?p=129166"},"modified":"2018-12-23T22:56:42","modified_gmt":"2018-12-24T00:56:42","slug":"ensaio-da-posse-de-bolsonaro-tem-desfile-em-carro-aberto","status":"publish","type":"post","link":"https:\/\/diarioregionaldigital.com.br\/?p=129166","title":{"rendered":"Ensaio da posse de Bolsonaro tem desfile em carro aberto"},"content":{"rendered":"<p>Numa Esplanada dos Minist\u00e9rios interditada para carros n\u00e3o credenciados, o Rolls Royce presidencial passou no primeiro teste. Por volta das 13h50 desse domingo, 23, o carro usado pela Presid\u00eancia da Rep\u00fablica desde 1953 venceu sem problemas a subida do Eixo Monumental ao lado do Senado. Logo em seguida, tr\u00eas militares vestidos com coletes bege descem do ve\u00edculo, atravessam o gramado e entram no Congresso Nacional. Somente com o motorista, o carro seguiu para a Catedral de Bras\u00edlia com a confirma\u00e7\u00e3o de que o motor estava em ordem.<\/p>\n<p>Assim come\u00e7ou a etapa mais crucial do ensaio da posse do futuro presidente Jair Bolsonaro. Das 6h \u00e0s 19h, a Esplanada dos Minist\u00e9rios est\u00e1 fechada para o primeiro dia de treinamentos para a cerim\u00f4nia do pr\u00f3ximo dia 1\u00ba. Depois de uma manh\u00e3 de simula\u00e7\u00f5es de equipes de cerimoniais e de ensaios musicais das bandas militares, o ensaio come\u00e7ou propriamente \u00e0s 14h30, quando o Rolls Royce, com a capota aberta, deixou a Catedral rumo ao Congresso Nacional.<\/p>\n<div class=\"dnd-widget-wrapper context-cheio_8colunas type-image\">\n<div class=\"dnd-atom-rendered\">\n<p>Distribuindo acenos para soldados, policiais e alguns turistas que visitavam a Esplanada, dois funcion\u00e1rios, um homem negro de terno e uma mulher com camisa branca e colete bege, simulavam o presidente eleito e a primeira-dama Michelle Bolsonaro. Embora o desfile tenha ocorrido em carro aberto, a Secretaria Especial de Comunica\u00e7\u00e3o Social da Presid\u00eancia da Rep\u00fablica que ainda n\u00e3o est\u00e1 decidido se o ve\u00edculo percorrer\u00e1 o trajeto com a capota levantada ou abaixada.<\/p>\n<p>Com o carro do vice-presidente da Rep\u00fablica atr\u00e1s e escoltado por motos com a sirene ligada e pela cavalaria dos Drag\u00f5es da Independ\u00eancia, a comitiva chegou ao Congresso Nacional \u00e0s 14h35. Os dois modelos que simulavam o presidente eleito e a esposa subiram a rampa do Sal\u00e3o Negro. Pouco antes, os eventuais turistas que estavam no gramado do Congresso foram retirados. Nem os fot\u00f3grafos da imprensa puderam se aproximar.<\/p>\n<p>Os ensaios no Congresso demoraram mais que os 40 minutos previstos no cronograma da cerim\u00f4nia do dia 1\u00ba. Depois de cerca de uma hora e meia de sil\u00eancio na Esplanada dos Minist\u00e9rios, a comitiva seguiu para o Pal\u00e1cio do Planalto \u00e0s 16h05. O Rolls Royce que tinha percorrido a subida do Senado duas horas antes desceu pelo mesmo trajeto na contram\u00e3o, com os figurantes novamente distribuindo acenos e sendo retribu\u00eddos por militares que aparentemente os conheciam.<\/p>\n<p>A subida na rampa do Planalto come\u00e7ou \u00e0s 16h11, com a banda presidencial executando uma vers\u00e3o resumida do Hino Nacional. O figurante que interpretava o presidente eleito subiu na frente, seguido pela int\u00e9rprete da futura primeira-dama, que caminhava cerca de 20 passos atr\u00e1s. Nesse momento, os fot\u00f3grafos da imprensa que estavam na frente do Pal\u00e1cio foram chamados pela Secom a irem para o p\u00e9 da rampa simularem os profissionais de imagem que estar\u00e3o credenciados para fotografarem do local.<\/p>\n<div class=\"dnd-widget-wrapper context-cheio_8colunas type-image\">\n<div class=\"dnd-atom-rendered\">\n<p>\u00c0s 16h16, os funcion\u00e1rios chegaram ao parlat\u00f3rio do Pal\u00e1cio do Planalto, onde simularam a troca da faixa presidencial. No momento que caber\u00e1 ao discurso, o homem e a mulher ficaram em sil\u00eancio, e a banda presidencial tocou a vers\u00e3o completa do Hino Nacional. Logo depois que os figurantes deixaram o parlat\u00f3rio, a banda tocou as can\u00e7\u00f5es Cidade Maravilhosa e Asa Branca.<\/p>\n<p>Nesse momento, ciclistas que estavam parados na Pra\u00e7a dos Tr\u00eas Poderes foram autorizados a passar na frente do Pal\u00e1cio do Planalto. No dia da posse, as regras ser\u00e3o mais severas. Os ambulantes, que hoje podiam circular na Esplanada, ser\u00e3o proibidos em 1\u00ba de janeiro. Bicicletas,\u00a0<em>skates<\/em>, carrinhos de beb\u00ea e guarda-chuvas tamb\u00e9m ser\u00e3o vetados em quatro pontos de checagem espalhados a partir da altura da Catedral. No pr\u00f3ximo domingo (30), a Esplanada ser\u00e1 novamente fechada para o segundo ensaio.<\/p>\n<\/div>\n<p>Fonte: Ag\u00eancia Brasil<\/p>\n<\/div>\n<\/div>\n<\/div>\n","protected":false},"excerpt":{"rendered":"<p>Numa Esplanada dos Minist\u00e9rios interditada para carros n\u00e3o credenciados, o Rolls Royce presidencial passou no primeiro teste. Por volta das 13h50 desse domingo, 23, o carro usado pela Presid\u00eancia da Rep\u00fablica desde 1953 venceu sem problemas a subida do Eixo Monumental ao lado do Senado. Logo em seguida, tr\u00eas militares vestidos com coletes bege descem [&hellip;]<\/p>\n","protected":false},"author":96,"featured_media":129167,"comment_status":"closed","ping_status":"closed","sticky":false,"template":"","format":"standard","meta":{"footnotes":""},"categories":[440,254,439],"tags":[],"class_list":["post-129166","post","type-post","status-publish","format-standard","has-post-thumbnail","hentry","category-destaques-do-dia","category-politica","category-ultima-hora"],"_links":{"self":[{"href":"https:\/\/diarioregionaldigital.com.br\/index.php?rest_route=\/wp\/v2\/posts\/129166","targetHints":{"allow":["GET"]}}],"collection":[{"href":"https:\/\/diarioregionaldigital.com.br\/index.php?rest_route=\/wp\/v2\/posts"}],"about":[{"href":"https:\/\/diarioregionaldigital.com.br\/index.php?rest_route=\/wp\/v2\/types\/post"}],"author":[{"embeddable":true,"href":"https:\/\/diarioregionaldigital.com.br\/index.php?rest_route=\/wp\/v2\/users\/96"}],"replies":[{"embeddable":true,"href":"https:\/\/diarioregionaldigital.com.br\/index.php?rest_route=%2Fwp%2Fv2%2Fcomments&post=129166"}],"version-history":[{"count":0,"href":"https:\/\/diarioregionaldigital.com.br\/index.php?rest_route=\/wp\/v2\/posts\/129166\/revisions"}],"wp:featuredmedia":[{"embeddable":true,"href":"https:\/\/diarioregionaldigital.com.br\/index.php?rest_route=\/wp\/v2\/media\/129167"}],"wp:attachment":[{"href":"https:\/\/diarioregionaldigital.com.br\/index.php?rest_route=%2Fwp%2Fv2%2Fmedia&parent=129166"}],"wp:term":[{"taxonomy":"category","embeddable":true,"href":"https:\/\/diarioregionaldigital.com.br\/index.php?rest_route=%2Fwp%2Fv2%2Fcategories&post=129166"},{"taxonomy":"post_tag","embeddable":true,"href":"https:\/\/diarioregionaldigital.com.br\/index.php?rest_route=%2Fwp%2Fv2%2Ftags&post=129166"}],"curies":[{"name":"wp","href":"https:\/\/api.w.org\/{rel}","templated":true}]}}