{"id":129155,"date":"2018-12-22T10:17:35","date_gmt":"2018-12-22T12:17:35","guid":{"rendered":"https:\/\/diarioregionaldigital.com.br\/?p=129155"},"modified":"2018-12-22T10:17:35","modified_gmt":"2018-12-22T12:17:35","slug":"pela-segunda-vez-ex-assessor-de-flavio-bolsonaro-falta-a-depoimento","status":"publish","type":"post","link":"https:\/\/diarioregionaldigital.com.br\/?p=129155","title":{"rendered":"Pela segunda vez, ex-assessor de Fl\u00e1vio Bolsonaro falta a depoimento"},"content":{"rendered":"<p>Pela segunda vez, o ex-policial militar e ex-assessor parlamentar Fabr\u00edcio Queiroz faltou ao depoimento no Minist\u00e9rio P\u00fablico do Rio de Janeiro (MPRJ). Ele \u00e9 investigado em decorr\u00eancia de movimenta\u00e7\u00f5es at\u00edpicas envolvendo R$1,2 milh\u00e3o, segundo relat\u00f3rio do Conselho de Controle de Atividades Financeira (Coaf). O depoimento nessa sexta-feira, 21, estava marcado para o in\u00edcio da tarde.<\/p>\n<p>A defesa de Queiroz justificou sua aus\u00eancia, informando que ele precisou ser internado para um \u201cprocedimento invasivo com anestesia\u201d, segundo o MPRJ. Os advogados se comprometeram a entregar os referidos laudos at\u00e9 o dia 28. O ex-assessor deve ser ouvido pelo Grupo de Atribui\u00e7\u00e3o Origin\u00e1ria em Mat\u00e9ria Criminal (Gaocrim) do MPRJ.<\/p>\n<p>Ex-funcion\u00e1rio do gabinete do deputado estadual e senador eleito Fl\u00e1vio Bolsonaro (PSL), um dos filhos do presidente eleito Jair Bolsonaro (PSL), Queiroz foi citado em relat\u00f3rio do Coaf, que identificou uma conta em seu nome com movimenta\u00e7\u00e3o at\u00edpica.<\/p>\n<p>O relat\u00f3rio foi usado pelo MPRJ na investiga\u00e7\u00e3o da Opera\u00e7\u00e3o Furna da On\u00e7a, um dos desdobramentos da Lava Jato no Rio de Janeiro, que levou \u00e0 pris\u00e3o de deputados estaduais no in\u00edcio de novembro.<\/p>\n<p>O MPRJ tamb\u00e9m quer ouvir Fl\u00e1vio Bolsonaro. Segundo o MP, ele n\u00e3o \u00e9 investigado na opera\u00e7\u00e3o, mas foi convidado a prestar depoimento no pr\u00f3ximo dia 10 de janeiro. Antes, no dia 8 de janeiro, parentes de Queiroz tamb\u00e9m prestar\u00e3o esclarecimentos ao Minist\u00e9rio P\u00fablico.<\/p>\n<p>A assessoria de Fl\u00e1vio Bolsonaro informou que o parlamentar\u00a0est\u00e1 \u00e0 &#8220;disposi\u00e7\u00e3o das autoridades competentes&#8221; para prestar esclarecimento e que \u00e9 o &#8220;principal interessado na elucida\u00e7\u00e3o dos fatos&#8221;.<\/p>\n<h2>Primeira vez<\/h2>\n<p>O depoimento de Queiroz foi agendado, inicialmente, para a \u00faltima quarta-feira, 19, mas ele\u00a0<a href=\"http:\/\/%20http\/\/agenciabrasil.ebc.com.br\/geral\/noticia\/2018-12\/ex-assessor-de-flavio-bolsonaro-nao-comparece-depoimento-no-mp\" target=\"_blank\" rel=\"noopener\">tamb\u00e9m n\u00e3o compareceu<\/a>\u00a0alegando uma \u201cinesperada crise de sa\u00fade\u201d e a necessidade de realiza\u00e7\u00e3o de exames m\u00e9dicos de urg\u00eancia.<\/p>\n<p>Tamb\u00e9m est\u00e3o citados no relat\u00f3rio do Coaf\u00a0<a href=\"http:\/\/agenciabrasil.ebc.com.br\/justica\/noticia\/2018-12\/dados-do-coaf-levam-22-investigacoes-do-ministerio-publico-na-alerj\" target=\"_blank\" rel=\"noopener\">assessores de outros 20 deputados estaduais<\/a>\u00a0do Rio\u00a0de Janeiro, de 13 partidos diferentes: PSC, DEM, PSB, SD, PHS, PSDB, MDB, PSOL, PSL, PT, PDT, PRB e Avante.<\/p>\n<p>De acordo com o MPRJ, alguns parlamentares citados no relat\u00f3rio do Coaf se colocaram \u00e0 disposi\u00e7\u00e3o voluntariamente para apresentar seus esclarecimentos. Os nomes, no entanto, n\u00e3o foram revelados.<\/p>\n<p><em>Fonte: Ag\u00eancia Brasil<\/em><\/p>\n","protected":false},"excerpt":{"rendered":"<p>Pela segunda vez, o ex-policial militar e ex-assessor parlamentar Fabr\u00edcio Queiroz faltou ao depoimento no Minist\u00e9rio P\u00fablico do Rio de Janeiro (MPRJ). Ele \u00e9 investigado em decorr\u00eancia de movimenta\u00e7\u00f5es at\u00edpicas envolvendo R$1,2 milh\u00e3o, segundo relat\u00f3rio do Conselho de Controle de Atividades Financeira (Coaf). O depoimento nessa sexta-feira, 21, estava marcado para o in\u00edcio da tarde. [&hellip;]<\/p>\n","protected":false},"author":96,"featured_media":0,"comment_status":"closed","ping_status":"closed","sticky":false,"template":"","format":"standard","meta":{"footnotes":""},"categories":[254,439],"tags":[],"class_list":["post-129155","post","type-post","status-publish","format-standard","hentry","category-politica","category-ultima-hora"],"_links":{"self":[{"href":"https:\/\/diarioregionaldigital.com.br\/index.php?rest_route=\/wp\/v2\/posts\/129155","targetHints":{"allow":["GET"]}}],"collection":[{"href":"https:\/\/diarioregionaldigital.com.br\/index.php?rest_route=\/wp\/v2\/posts"}],"about":[{"href":"https:\/\/diarioregionaldigital.com.br\/index.php?rest_route=\/wp\/v2\/types\/post"}],"author":[{"embeddable":true,"href":"https:\/\/diarioregionaldigital.com.br\/index.php?rest_route=\/wp\/v2\/users\/96"}],"replies":[{"embeddable":true,"href":"https:\/\/diarioregionaldigital.com.br\/index.php?rest_route=%2Fwp%2Fv2%2Fcomments&post=129155"}],"version-history":[{"count":0,"href":"https:\/\/diarioregionaldigital.com.br\/index.php?rest_route=\/wp\/v2\/posts\/129155\/revisions"}],"wp:attachment":[{"href":"https:\/\/diarioregionaldigital.com.br\/index.php?rest_route=%2Fwp%2Fv2%2Fmedia&parent=129155"}],"wp:term":[{"taxonomy":"category","embeddable":true,"href":"https:\/\/diarioregionaldigital.com.br\/index.php?rest_route=%2Fwp%2Fv2%2Fcategories&post=129155"},{"taxonomy":"post_tag","embeddable":true,"href":"https:\/\/diarioregionaldigital.com.br\/index.php?rest_route=%2Fwp%2Fv2%2Ftags&post=129155"}],"curies":[{"name":"wp","href":"https:\/\/api.w.org\/{rel}","templated":true}]}}