{"id":129152,"date":"2018-12-22T10:14:24","date_gmt":"2018-12-22T12:14:24","guid":{"rendered":"https:\/\/diarioregionaldigital.com.br\/?p=129152"},"modified":"2018-12-22T10:14:24","modified_gmt":"2018-12-22T12:14:24","slug":"pf-recebe-dados-e-apura-obstrucao-de-investigacao-no-caso-marielle","status":"publish","type":"post","link":"https:\/\/diarioregionaldigital.com.br\/?p=129152","title":{"rendered":"PF recebe dados e apura obstru\u00e7\u00e3o de investiga\u00e7\u00e3o no caso Marielle"},"content":{"rendered":"<p>O diretor-geral da Pol\u00edcia Federal (PF), Rog\u00e9rio Galloro, confirmou, nessa sexta-feira, 21, que uma equipe do \u00f3rg\u00e3o\u00a0apura a suspeita de que uma organiza\u00e7\u00e3o criminosa estaria atuando para impedir que a Pol\u00edcia Civil do Rio de Janeiro esclare\u00e7a o assassinato da vereadora Marielle Franco (PSOL-RJ) e seu motorista, Anderson Gomes. Os agentes j\u00e1 receberam\u00a0parte do material que os investigadores fluminenses reuniram ao tentar identificar os mandantes e os executores do crime.<\/p>\n<p>Segundo Galloro, a Pol\u00edcia Civil entregou, h\u00e1 cerca de uma semana, o material que a Pol\u00edcia Federal solicitou no fim de novembro. \u201cIsso demorou um pouco. Tive que montar uma equipe \u00e0s pressas, pegando policiais federais de alguns estados. Uma equipe fica aqui em Bras\u00edlia, ajudando na an\u00e1lise de dados, e outra no Rio de Janeiro\u201d, disse o diretor-geral ao explicar a divis\u00e3o da equipe.<\/p>\n<p>Galloro disse que, mesmo se dedicando exclusivamente ao caso, os agentes federais levar\u00e3o algum tempo para analisar as informa\u00e7\u00f5es reunidas pela Pol\u00edcia Civil ao longo dos \u00faltimos nove meses. \u201cS\u00e3o provas, ind\u00edcios e depoimentos que a Pol\u00edcia Civil coletou. \u00c9 um volume [de informa\u00e7\u00e3o] muito grande que temos que analisar para ver se se encaixa no objeto da nossa investiga\u00e7\u00e3o, que n\u00e3o \u00e9 o homic\u00eddio\u201d, acrescentou Galloro, refor\u00e7ando que a PF s\u00f3 apura a poss\u00edvel obstru\u00e7\u00e3o \u00e0s investiga\u00e7\u00f5es.<\/p>\n<p>A PF instaurou o inqu\u00e9rito para apurar supostos entraves \u00e0 elucida\u00e7\u00e3o do crime no come\u00e7o de novembro, a pedido da procuradora-geral da Rep\u00fablica, Raquel Dodge \u2013 que, na mesma ocasi\u00e3o, pediu tamb\u00e9m que a PF d\u00ea prote\u00e7\u00e3o \u00e0s fam\u00edlias de testemunhas.<\/p>\n<h2>Alian\u00e7a sat\u00e2nica<\/h2>\n<p>Galloro falou sobre o andamento das investiga\u00e7\u00f5es esta manh\u00e3, em Bras\u00edlia, durante a apresenta\u00e7\u00e3o do balan\u00e7o de a\u00e7\u00f5es do Minist\u00e9rio da Seguran\u00e7a P\u00fablica desde a cria\u00e7\u00e3o, no fim de fevereiro. Presente ao evento, o ministro Raul Jungmann tamb\u00e9m comentou as investiga\u00e7\u00f5es sobre o assassinato de Marielle e de Gomes, em 14 de mar\u00e7o deste ano.<\/p>\n<p>\u201cH\u00e1 um processo de investiga\u00e7\u00e3o do que eu j\u00e1 chamei de um compl\u00f4, uma alian\u00e7a sat\u00e2nica entre corrup\u00e7\u00e3o e crime organizado. A PF est\u00e1 trabalhando [para apurar a suspeita de obstru\u00e7\u00e3o \u00e0s investiga\u00e7\u00f5es da Pol\u00edcia Civil] e, a nosso ver, trabalhando muito bem, mas h\u00e1 apenas um m\u00eas. Confio na PF e estou certo de que ela vai fazer o trabalho que \u00e9 preciso fazer no Rio de Janeiro\u201d, disse o ministro, lembrando que, nos meses subsequentes ao crime, por duas vezes o governo federal se ofereceu para assumir as investiga\u00e7\u00f5es.<\/p>\n<p>Jungmann disse que, nas duas vezes, a oferta de federaliza\u00e7\u00e3o foi recusada. \u201cPor isso, a Pol\u00edcia Federal n\u00e3o tem nenhuma participa\u00e7\u00e3o na tentativa de elucida\u00e7\u00e3o do caso. Porque n\u00e3o nos deixaram entrar neste processo\u201d.<\/p>\n<p>Perguntado se confia na investiga\u00e7\u00e3o da Pol\u00edcia Civil, o ministro disse que espera que ela alcance os resultados esperados pela sociedade. \u201cEm 2017, eu dizia que o estado n\u00e3o sair\u00e1 da situa\u00e7\u00e3o em que se encontra, com comunidades controladas pelo crime organizado e com parte do Estado e de agentes p\u00fablicos capturados pelo crime e pela corrup\u00e7\u00e3o, sem ajuda do governo federal. J\u00e1 na \u00e9poca eu reivindiquei o apoio de uma for\u00e7a-tarefa. Hoje, conseguimos constituir isto. Por isto eu tenho tanta esperan\u00e7a que consigamos romper esta alian\u00e7a entre crime organizado e corrup\u00e7\u00e3o\u201d, respondeu o ministro.<\/p>\n<p><em>Fonte: Ag\u00eancia Brasil<\/em><\/p>\n","protected":false},"excerpt":{"rendered":"<p>O diretor-geral da Pol\u00edcia Federal (PF), Rog\u00e9rio Galloro, confirmou, nessa sexta-feira, 21, que uma equipe do \u00f3rg\u00e3o\u00a0apura a suspeita de que uma organiza\u00e7\u00e3o criminosa estaria atuando para impedir que a Pol\u00edcia Civil do Rio de Janeiro esclare\u00e7a o assassinato da vereadora Marielle Franco (PSOL-RJ) e seu motorista, Anderson Gomes. Os agentes j\u00e1 receberam\u00a0parte do material [&hellip;]<\/p>\n","protected":false},"author":96,"featured_media":0,"comment_status":"closed","ping_status":"closed","sticky":false,"template":"","format":"standard","meta":{"footnotes":""},"categories":[302,439],"tags":[],"class_list":["post-129152","post","type-post","status-publish","format-standard","hentry","category-brasil-mundo","category-ultima-hora"],"_links":{"self":[{"href":"https:\/\/diarioregionaldigital.com.br\/index.php?rest_route=\/wp\/v2\/posts\/129152","targetHints":{"allow":["GET"]}}],"collection":[{"href":"https:\/\/diarioregionaldigital.com.br\/index.php?rest_route=\/wp\/v2\/posts"}],"about":[{"href":"https:\/\/diarioregionaldigital.com.br\/index.php?rest_route=\/wp\/v2\/types\/post"}],"author":[{"embeddable":true,"href":"https:\/\/diarioregionaldigital.com.br\/index.php?rest_route=\/wp\/v2\/users\/96"}],"replies":[{"embeddable":true,"href":"https:\/\/diarioregionaldigital.com.br\/index.php?rest_route=%2Fwp%2Fv2%2Fcomments&post=129152"}],"version-history":[{"count":0,"href":"https:\/\/diarioregionaldigital.com.br\/index.php?rest_route=\/wp\/v2\/posts\/129152\/revisions"}],"wp:attachment":[{"href":"https:\/\/diarioregionaldigital.com.br\/index.php?rest_route=%2Fwp%2Fv2%2Fmedia&parent=129152"}],"wp:term":[{"taxonomy":"category","embeddable":true,"href":"https:\/\/diarioregionaldigital.com.br\/index.php?rest_route=%2Fwp%2Fv2%2Fcategories&post=129152"},{"taxonomy":"post_tag","embeddable":true,"href":"https:\/\/diarioregionaldigital.com.br\/index.php?rest_route=%2Fwp%2Fv2%2Ftags&post=129152"}],"curies":[{"name":"wp","href":"https:\/\/api.w.org\/{rel}","templated":true}]}}