{"id":129150,"date":"2018-12-22T10:10:24","date_gmt":"2018-12-22T12:10:24","guid":{"rendered":"https:\/\/diarioregionaldigital.com.br\/?p=129150"},"modified":"2018-12-22T10:10:24","modified_gmt":"2018-12-22T12:10:24","slug":"suspeitos-roubam-quase-r100-mil-de-confeccao-em-astolfo-dutra","status":"publish","type":"post","link":"https:\/\/diarioregionaldigital.com.br\/?p=129150","title":{"rendered":"Suspeitos roubam quase R$100 mil de confec\u00e7\u00e3o em Astolfo Dutra"},"content":{"rendered":"<p>Tr\u00eas homens em um Fiat P\u00e1lio preto, roubaram uma confec\u00e7\u00e3o em Astolfo Dutra, localizada na Rua da Reta, nesta sexta-feira, 21.<\/p>\n<p>Segundo informa\u00e7\u00f5es preliminares obtidas junto a PM e com testemunhas, os indiv\u00edduos chegaram ao local sabendo que havia uma consider\u00e1vel quantia em dinheiro pois seria dia do pagamento de parte do 13\u00ba sal\u00e1rio.<\/p>\n<p>Em seguida, anunciaram o assalto e levaram cerca de R$90 mil, fugindo em seguida, tomando rumo ignorado.<\/p>\n<p>Diversos rastreamentos foram feitos\u00a0 pela Pol\u00edcia Militar na regi\u00e3o.<\/p>\n<p><em>Fonte: M\u00eddia Mineira<\/em><\/p>\n","protected":false},"excerpt":{"rendered":"<p>Tr\u00eas homens em um Fiat P\u00e1lio preto, roubaram uma confec\u00e7\u00e3o em Astolfo Dutra, localizada na Rua da Reta, nesta sexta-feira, 21. Segundo informa\u00e7\u00f5es preliminares obtidas junto a PM e com testemunhas, os indiv\u00edduos chegaram ao local sabendo que havia uma consider\u00e1vel quantia em dinheiro pois seria dia do pagamento de parte do 13\u00ba sal\u00e1rio. Em [&hellip;]<\/p>\n","protected":false},"author":96,"featured_media":95105,"comment_status":"closed","ping_status":"closed","sticky":false,"template":"","format":"standard","meta":{"footnotes":""},"categories":[252,439],"tags":[],"class_list":["post-129150","post","type-post","status-publish","format-standard","has-post-thumbnail","hentry","category-regiao","category-ultima-hora"],"_links":{"self":[{"href":"https:\/\/diarioregionaldigital.com.br\/index.php?rest_route=\/wp\/v2\/posts\/129150","targetHints":{"allow":["GET"]}}],"collection":[{"href":"https:\/\/diarioregionaldigital.com.br\/index.php?rest_route=\/wp\/v2\/posts"}],"about":[{"href":"https:\/\/diarioregionaldigital.com.br\/index.php?rest_route=\/wp\/v2\/types\/post"}],"author":[{"embeddable":true,"href":"https:\/\/diarioregionaldigital.com.br\/index.php?rest_route=\/wp\/v2\/users\/96"}],"replies":[{"embeddable":true,"href":"https:\/\/diarioregionaldigital.com.br\/index.php?rest_route=%2Fwp%2Fv2%2Fcomments&post=129150"}],"version-history":[{"count":0,"href":"https:\/\/diarioregionaldigital.com.br\/index.php?rest_route=\/wp\/v2\/posts\/129150\/revisions"}],"wp:featuredmedia":[{"embeddable":true,"href":"https:\/\/diarioregionaldigital.com.br\/index.php?rest_route=\/wp\/v2\/media\/95105"}],"wp:attachment":[{"href":"https:\/\/diarioregionaldigital.com.br\/index.php?rest_route=%2Fwp%2Fv2%2Fmedia&parent=129150"}],"wp:term":[{"taxonomy":"category","embeddable":true,"href":"https:\/\/diarioregionaldigital.com.br\/index.php?rest_route=%2Fwp%2Fv2%2Fcategories&post=129150"},{"taxonomy":"post_tag","embeddable":true,"href":"https:\/\/diarioregionaldigital.com.br\/index.php?rest_route=%2Fwp%2Fv2%2Ftags&post=129150"}],"curies":[{"name":"wp","href":"https:\/\/api.w.org\/{rel}","templated":true}]}}