{"id":129147,"date":"2018-12-22T10:05:37","date_gmt":"2018-12-22T12:05:37","guid":{"rendered":"https:\/\/diarioregionaldigital.com.br\/?p=129147"},"modified":"2018-12-22T10:05:37","modified_gmt":"2018-12-22T12:05:37","slug":"pjf-anuncia-reforma-no-restaurante-popular-do-centro","status":"publish","type":"post","link":"https:\/\/diarioregionaldigital.com.br\/?p=129147","title":{"rendered":"PJF anuncia reforma no Restaurante Popular do Centro"},"content":{"rendered":"<p>Em comemora\u00e7\u00e3o ao Natal, nessa sexta-feira, 21, o card\u00e1pio servido nas duas unidades do Restaurante Popular foi especial. Quinze renomados chefs de cozinha da cidade prepararam as refei\u00e7\u00f5es da a\u00e7\u00e3o surpresa, organizada pela Prefeitura de Juiz de Fora (PJF), por meio das secretarias de Comunica\u00e7\u00e3o Social (SCS), de Desenvolvimento Econ\u00f4mico, Trabalho e Turismo (Sedettur) e de Agropecu\u00e1ria e Abastecimento (SAA), al\u00e9m da Servir, empresa licitada que opera o restaurante, e do curso de gastronomia do Centro de Ensino Superior (CES). L\u00e1, o prefeito Ant\u00f4nio Almas assinou autoriza\u00e7\u00e3o para o in\u00edcio do processo licitat\u00f3rio da reforma do restaurante do Centro.<\/p>\n<p>O restaurante localizado na Rua Halfeld, atrav\u00e9s da SAA, receber\u00e1 melhorias na pintura interior e exterior; manuten\u00e7\u00e3o do telhado, pisos e vidros, e troca de equipamentos. \u201cNo pr\u00f3ximo ano realizaremos reforma no restaurante, que custar\u00e1 mais ou menos R$138 mil, atrav\u00e9s de pintura geral e alterando alguns equipamentos, para que o ambiente possa estar cada vez melhor\u201d, destacou Ant\u00f4nio Almas.<\/p>\n<p>O secret\u00e1rio de Agropecu\u00e1ria e Abastecimento, Bebeto Faria, ressaltou que o local passa por constantes manuten\u00e7\u00f5es, mas essa ser\u00e1 uma reforma maior, com \u201cmelhoria no aspecto geral do funcionamento do espa\u00e7o e no ar-condicionado e flexibiliza\u00e7\u00e3o nas entradas, dando mais conforto para as pessoas que frequentam o Restaurante Popular\u201d.<\/p>\n<p><b>Almo\u00e7o especial de Natal<\/b><\/p>\n<p>No menu, arroz colorido (com cenoura, vagem e milho), arroz branco (op\u00e7\u00e3o), feij\u00e3o vermelho, farofa de milho (com manteiga ou margarina, cebola, bacon e passas), pernil assado e salada de vinagre (com cebola, tomate e piment\u00e3o). De sobremesa, doce de banana, sendo servido tamb\u00e9m suco de uva.<\/p>\n<p>O secret\u00e1rio de Comunica\u00e7\u00e3o Social, Michael Guedes, lembrou que pelo segundo ano consecutivo o projeto \u201cBem Comum\u201d, da SCS, se envolveu neste almo\u00e7o especial, o que reflete o objetivo do projeto: \u201c\u00c9 aquela corrente do bem que buscamos em v\u00e1rios projetos e, gra\u00e7as a Deus, temos tido muita aceita\u00e7\u00e3o dos nossos parceiros. Ganha a popula\u00e7\u00e3o de Juiz de Fora, principalmente os frequentadores do restaurante; ganham os parceiros, que t\u00eam oportunidade de compartilhar o que sabem; ganham os cursos envolvidos, podendo os alunos exercerem na pr\u00e1tica o que aprendem em sala de aula.\u201d<\/p>\n<p>O vendedor J\u00falio Aparecido, 22 anos, trabalha no Centro e tem o Restaurante Popular como op\u00e7\u00e3o de local de almo\u00e7o, principalmente quando falta tempo para preparar a refei\u00e7\u00e3o em casa. Ele ressaltou que os alimentos servidos no local s\u00e3o de qualidade, e aprovou o card\u00e1pio especial: \u201cSempre quando n\u00e3o fa\u00e7o almo\u00e7o em casa, venho aqui. E e esse especial de Natal \u00e9 uma iniciativa muito bacana\u201d.<\/p>\n<p>A dona de casa Denise Rezende tamb\u00e9m fez quest\u00e3o de elogiar: \u201cO almo\u00e7o est\u00e1 muito bom, uma del\u00edcia; est\u00e3o de parab\u00e9ns. Gosto muito de almo\u00e7ar aqui\u201d.<\/p>\n<p><b>Restaurante Popular<\/b><\/p>\n<p>A Prefeitura de Juiz de Fora (PJF) oferece aproximadamente tr\u00eas mil refei\u00e7\u00f5es\/dia no Restaurante Universit\u00e1rio, de segunda a sexta-feira, em espa\u00e7o humanizado e adaptado para pessoas com defici\u00eancia. S\u00e3o duas unidades: a do Centro, denominada \u201cYedda Duarte Gomes\u201d, na Rua Halfeld, 305, funcionando entre 10 e 14 horas, e o da zona norte, no Bairro Benfica, na Rua Diogo \u00c1lvares, 664, entre 10h30 e 14 horas. Nos dois restaurantes, o valor de cada refei\u00e7\u00e3o \u00e9 de R$ 3,50. Em ambas as unidades, o card\u00e1pio \u00e9 elaborado e balanceado por nutricionista, e pode ser consultado no\u00a0<a href=\"https:\/\/www.pjf.mg.gov.br\/secretarias\/saa\/restaurante_popular\/index.php\">pjf.mg.gov.br\/saa<\/a>.<\/p>\n<p><b>Conhe\u00e7a os 15 chefs que atuaram neste \u201calmo\u00e7o especial\u201d do Restaurante Popular:<\/p>\n<p>Augusto de Santo<\/b><br \/>\nGraduado em Gastronomia pela Escola de Hotelaria e Gastronomia de Lausanne, na Su\u00ed\u00e7a; consultor-t\u00e9cnico com passagem em estabelecimentos como Cervejaria Barbante, Restaurant L\u00b4es Aberiaux-Prangins-Suisse, Sabatash Dining Club, no Distrito Federal (DF), Caf\u00e9 Cancun-DF e Hotel Restaurant Beau Rivage Suisse. Foi, tamb\u00e9m, idealizador do evento \u201cCruzada Gastron\u00f4mica\u201d e presta consultoria para a empresa Cencosud.<\/p>\n<p><b>Cain\u00e3 Monteiro Rezende<\/b><br \/>\nFormado em Gastronomia pelo CES\/JF e Cozinheiro Profissional pelo Servi\u00e7o Nacional de Aprendizagem Comercial de Juiz de Fora (Senac\/JF), onde foi, tamb\u00e9m, orientador de Gastronomia e Hotelaria, jurado do \u201cComida de Buteco\u201d e do \u201cJF Sabor\u201d e medalha de bronze em Gastronomia na \u201cOlimp\u00edada do Conhecimento 2012\u201d.<\/p>\n<p><b>Caio Alexandre Santo<\/b><br \/>\nGraduado em Gest\u00e3o Ambiental, apreciador da gastronomia autoral. \u00c9 formado em Fotografia Gastron\u00f4mica pela Techimage (S\u00e3o Paulo).<\/p>\n<p><b>D\u00e9bora Bellotti<\/b><br \/>\nGraduada em Gastronomia.<\/p>\n<p><b>Gabriel Gomes Bastos<\/b><br \/>\nProfessor de gradua\u00e7\u00e3o e p\u00f3s-gradua\u00e7\u00e3o em Gastronomia no CES\/JF, pesquisador de Ci\u00eancia da Carne e Cozinha Mineira, chef e propriet\u00e1rio do Bistr\u00f4 Savoir-Faire.<\/p>\n<p><b>Heloiza Cordeiro<\/b><br \/>\nChef e propriet\u00e1ria do Bar \u201cClube da Esquina\u201d, \u00e9 graduada em Gastronomia e aluna da p\u00f3s-gradua\u00e7\u00e3o em Gastronomia das Am\u00e9ricas no CES\/JF.<\/p>\n<p><b>Jo\u00e3o Simoncini<\/b><br \/>\nProfessor de gradua\u00e7\u00e3o e p\u00f3s-gradua\u00e7\u00e3o em Gastronomia no CES\/JF, pesquisador de cozinhas Mineira e Regional Brasileira.<\/p>\n<p><b>Marco Ant\u00f4nio Pereira Ara\u00fajo<\/b><br \/>\nProfessor-doutor da gradua\u00e7\u00e3o em Sistemas de Informa\u00e7\u00e3o no CES\/JF e coordenador de pesquisa e extens\u00e3o da institui\u00e7\u00e3o. Aluno do curso de Gastronomia.<\/p>\n<p><b>Marianna de Alencar e Souza<\/b><br \/>\nGraduada em Turismo e mestre em Ci\u00eancias Sociais pela Universidade Federal de Juiz de Fora (UFJF), \u00e9 professora de gradua\u00e7\u00e3o e p\u00f3s-gradua\u00e7\u00e3o em Gastronomia das Am\u00e9ricas no CES\/JF.<\/p>\n<p><b>Martha Eunice de Bessa<\/b><br \/>\nGraduada em Farm\u00e1cia e Bioqu\u00edmica e mestre em Ci\u00eancia e Tecnologia do Leite, \u00e9 doutoranda em Gen\u00e9tica e Biotecnologia e professora da gradua\u00e7\u00e3o e p\u00f3s em Gastronomia das Am\u00e9ricas no CES\/JF.<\/p>\n<p><b>Nice Menezes<\/b><br \/>\nFormada em Gastronomia pelo Senac\/Cataguases. Trabalhou como cozinheira-chefe no Carrefour e atualmente presta servi\u00e7o para a multinacional Cencosud.<\/p>\n<p><b>Ricardo Arcenio<\/b><br \/>\nGraduado em Patisserie e Rotisserie pelo Senac-Grogot\u00f3. Atualmente presta servi\u00e7o para a empresa multinacional Cencosud.<\/p>\n<p><b>Yury Feliciano<\/b><br \/>\nProfessor de Gastronomia e membro do N\u00facleo de Coordena\u00e7\u00e3o da P\u00f3s-gradua\u00e7\u00e3o em Gastronomia das Am\u00e9ricas do CES\/JF, \u00e9 pesquisador de cozinha mineira e ci\u00eancia da carne. Propriet\u00e1rio e chef de cozinha do Archote Steak Mineiro, restaurante em Tiradentes-MG.<\/p>\n<p><b>Weruska Fonseca<\/b><br \/>\nChef e propriet\u00e1ria do Ra\u00edzes Gastronomia Artesanal, cozinha industrial de massas e molhos, e do Ra\u00edzes Bistr\u00f4 &amp; Massas, localizado no s\u00edtio gastron\u00f4mico da Cervejaria Barbante.<\/p>\n<p><b>Wesley Reis<\/b><br \/>\nGraduado em Gastronomia.<\/p>\n<p>Participaram tamb\u00e9m 15 alunos da gradua\u00e7\u00e3o e da p\u00f3s do CES\/JF e os cozinheiros respons\u00e1veis pela cozinha do Restaurante Popular, L\u00facio Mauro Loures, h\u00e1 mais de oito anos na Servir, Fernando C\u00e9sar dos Reis, h\u00e1 mais de um ano na cozinha do restaurante, e Juslene Arruda, h\u00e1 seis anos trabalhando na empresa licitada.<\/p>\n<p><em>Fonte: Assessoria<\/em><\/p>\n","protected":false},"excerpt":{"rendered":"<p>Em comemora\u00e7\u00e3o ao Natal, nessa sexta-feira, 21, o card\u00e1pio servido nas duas unidades do Restaurante Popular foi especial. Quinze renomados chefs de cozinha da cidade prepararam as refei\u00e7\u00f5es da a\u00e7\u00e3o surpresa, organizada pela Prefeitura de Juiz de Fora (PJF), por meio das secretarias de Comunica\u00e7\u00e3o Social (SCS), de Desenvolvimento Econ\u00f4mico, Trabalho e Turismo (Sedettur) e [&hellip;]<\/p>\n","protected":false},"author":96,"featured_media":0,"comment_status":"closed","ping_status":"closed","sticky":false,"template":"","format":"standard","meta":{"footnotes":""},"categories":[253,439],"tags":[],"class_list":["post-129147","post","type-post","status-publish","format-standard","hentry","category-cidade","category-ultima-hora"],"_links":{"self":[{"href":"https:\/\/diarioregionaldigital.com.br\/index.php?rest_route=\/wp\/v2\/posts\/129147","targetHints":{"allow":["GET"]}}],"collection":[{"href":"https:\/\/diarioregionaldigital.com.br\/index.php?rest_route=\/wp\/v2\/posts"}],"about":[{"href":"https:\/\/diarioregionaldigital.com.br\/index.php?rest_route=\/wp\/v2\/types\/post"}],"author":[{"embeddable":true,"href":"https:\/\/diarioregionaldigital.com.br\/index.php?rest_route=\/wp\/v2\/users\/96"}],"replies":[{"embeddable":true,"href":"https:\/\/diarioregionaldigital.com.br\/index.php?rest_route=%2Fwp%2Fv2%2Fcomments&post=129147"}],"version-history":[{"count":0,"href":"https:\/\/diarioregionaldigital.com.br\/index.php?rest_route=\/wp\/v2\/posts\/129147\/revisions"}],"wp:attachment":[{"href":"https:\/\/diarioregionaldigital.com.br\/index.php?rest_route=%2Fwp%2Fv2%2Fmedia&parent=129147"}],"wp:term":[{"taxonomy":"category","embeddable":true,"href":"https:\/\/diarioregionaldigital.com.br\/index.php?rest_route=%2Fwp%2Fv2%2Fcategories&post=129147"},{"taxonomy":"post_tag","embeddable":true,"href":"https:\/\/diarioregionaldigital.com.br\/index.php?rest_route=%2Fwp%2Fv2%2Ftags&post=129147"}],"curies":[{"name":"wp","href":"https:\/\/api.w.org\/{rel}","templated":true}]}}