{"id":129145,"date":"2018-12-22T10:01:45","date_gmt":"2018-12-22T12:01:45","guid":{"rendered":"https:\/\/diarioregionaldigital.com.br\/?p=129145"},"modified":"2018-12-22T10:01:45","modified_gmt":"2018-12-22T12:01:45","slug":"bolsonaro-reafirma-compromissos-de-campanha-pelo-twitter","status":"publish","type":"post","link":"https:\/\/diarioregionaldigital.com.br\/?p=129145","title":{"rendered":"Bolsonaro reafirma compromissos de campanha pelo Twitter"},"content":{"rendered":"<p>O presidente eleito, Jair Bolsonaro, reafirmou pelo Twitter neste s\u00e1bado, 22, o compromisso feito durante a campanha eleitoral de reduzir o Estado. Segundo ele, as converg\u00eancias ministeriais dar\u00e3o o tom de desenvolvimento do pa\u00eds, que foi pautada pela popula\u00e7\u00e3o. \u201cReduzir o Estado, desenvolvimento sem entraves de ONGs, acordos comerciais bilaterais j\u00e1 em andamento e mudar a atual p\u00edfia linha educacional. Vamos alavancar o Brasil!\u201d, disse.<\/p>\n<p>Pela mesma rede social, Bolsonaro negou que um general que trabalha no gabinete de seu filho, o deputado Eduardo Bolsonaro (PSL-SP), integrar\u00e1 seu governo. Pelo Twitter, usando a hastag fake news, ele disse que \u201cnenhum general trabalha no gabinete do deputado\u201d.<\/p>\n<p>Segundo o Jornal O GLOBO, a Secretaria de Comunica\u00e7\u00e3o (Secom), \u00f3rg\u00e3o que ser\u00e1 inserido na Secretaria de Governo, comandada pelo general Carlos Alberto dos Santos Cruz, ser\u00e1 ocupada por Floriano Barbosa, atualmente assessor no gabinete do deputado federal Eduardo Bolsonaro. Floriano n\u00e3o \u00e9 militar.<\/p>\n<p>Bolsonaro deve seguir neste s\u00e1bado, 22, para a Base Naval da Ilha de Marambaia, onde dever\u00e1 passar o Natal. O presidente eleito deve retornar \u00e0 sua casa, na Barra da Tijuca, no dia 27 de dezembro, e seguir para a Bras\u00edlia no dia 29, onde dever\u00e1 ficar at\u00e9 a posse, em 1\u00ba de janeiro.<\/p>\n<p><em>Fonte: Ag\u00eancia Brasil<\/em><\/p>\n","protected":false},"excerpt":{"rendered":"<p>O presidente eleito, Jair Bolsonaro, reafirmou pelo Twitter neste s\u00e1bado, 22, o compromisso feito durante a campanha eleitoral de reduzir o Estado. Segundo ele, as converg\u00eancias ministeriais dar\u00e3o o tom de desenvolvimento do pa\u00eds, que foi pautada pela popula\u00e7\u00e3o. \u201cReduzir o Estado, desenvolvimento sem entraves de ONGs, acordos comerciais bilaterais j\u00e1 em andamento e mudar [&hellip;]<\/p>\n","protected":false},"author":96,"featured_media":128017,"comment_status":"closed","ping_status":"closed","sticky":false,"template":"","format":"standard","meta":{"footnotes":""},"categories":[254,439],"tags":[],"class_list":["post-129145","post","type-post","status-publish","format-standard","has-post-thumbnail","hentry","category-politica","category-ultima-hora"],"_links":{"self":[{"href":"https:\/\/diarioregionaldigital.com.br\/index.php?rest_route=\/wp\/v2\/posts\/129145","targetHints":{"allow":["GET"]}}],"collection":[{"href":"https:\/\/diarioregionaldigital.com.br\/index.php?rest_route=\/wp\/v2\/posts"}],"about":[{"href":"https:\/\/diarioregionaldigital.com.br\/index.php?rest_route=\/wp\/v2\/types\/post"}],"author":[{"embeddable":true,"href":"https:\/\/diarioregionaldigital.com.br\/index.php?rest_route=\/wp\/v2\/users\/96"}],"replies":[{"embeddable":true,"href":"https:\/\/diarioregionaldigital.com.br\/index.php?rest_route=%2Fwp%2Fv2%2Fcomments&post=129145"}],"version-history":[{"count":0,"href":"https:\/\/diarioregionaldigital.com.br\/index.php?rest_route=\/wp\/v2\/posts\/129145\/revisions"}],"wp:featuredmedia":[{"embeddable":true,"href":"https:\/\/diarioregionaldigital.com.br\/index.php?rest_route=\/wp\/v2\/media\/128017"}],"wp:attachment":[{"href":"https:\/\/diarioregionaldigital.com.br\/index.php?rest_route=%2Fwp%2Fv2%2Fmedia&parent=129145"}],"wp:term":[{"taxonomy":"category","embeddable":true,"href":"https:\/\/diarioregionaldigital.com.br\/index.php?rest_route=%2Fwp%2Fv2%2Fcategories&post=129145"},{"taxonomy":"post_tag","embeddable":true,"href":"https:\/\/diarioregionaldigital.com.br\/index.php?rest_route=%2Fwp%2Fv2%2Ftags&post=129145"}],"curies":[{"name":"wp","href":"https:\/\/api.w.org\/{rel}","templated":true}]}}