{"id":129142,"date":"2018-12-22T09:57:38","date_gmt":"2018-12-22T11:57:38","guid":{"rendered":"https:\/\/diarioregionaldigital.com.br\/?p=129142"},"modified":"2018-12-22T09:57:38","modified_gmt":"2018-12-22T11:57:38","slug":"policia-apreende-novamente-dinheiro-em-casa-de-joao-de-deus","status":"publish","type":"post","link":"https:\/\/diarioregionaldigital.com.br\/?p=129142","title":{"rendered":"Pol\u00edcia apreende novamente dinheiro em casa de Jo\u00e3o de Deus"},"content":{"rendered":"<p>A Pol\u00edcia Civil de Goi\u00e1s apreendeu nessa sexta-feira, 21, dinheiro, pedras preciosas e medicamentos em resid\u00eancias ligadas ao m\u00e9dium Jo\u00e3o de Deus, na cidade de Abadi\u00e2nia (GO). Foram feitas buscas em tr\u00eas endere\u00e7os.\u00a0Um dos alvos foi a Casa Dom In\u00e1cio de Loyola, onde Jo\u00e3o de Deus faz os atendimentos espirituais.<\/p>\n<p>Os agentes encontraram o dinheiro dentro de uma mala. Os valores n\u00e3o foram divulgados.\u00a0Havia ainda um cofre em um fundo falso de um arm\u00e1rio. Em um dos locais, os policiais descobriram pedras preciosas.<\/p>\n<p>No \u00faltimo dia 19, os policiais civis\u00a0<a href=\"http:\/\/agenciabrasil.ebc.com.br\/geral\/noticia\/2018-12\/policiais-apreendem-armas-e-mais-de-r-400-mil-em-casa-de-joao-de-deus\" target=\"_blank\" rel=\"noopener\">apreenderam<\/a>\u00a0pouco mais de R$400 mil e cinco armas de fogo em uma das resid\u00eancias do m\u00e9dium. Parte do dinheiro e o armamento estavam guardados no fundo falso de um guarda-roupa, em um quarto de uma das casas que o m\u00e9dium mant\u00e9m em Abadi\u00e2nia (GO).<\/p>\n<p>Na quinta-feira, 20, a pol\u00edcia indiciou Jo\u00e3o de Deus, de 76 anos, pelo crime de viola\u00e7\u00e3o sexual mediante fraude. O inqu\u00e9rito se refere \u00e0 den\u00fancia espec\u00edfica de uma mulher de 39 anos. O m\u00e9dium est\u00e1 preso preventivamente h\u00e1 seis dias no Complexo Prisional de Aparecida de Goi\u00e2nia, nos arredores da capital goiana.<\/p>\n<p>De acordo com a v\u00edtima, o crime ocorreu em outubro deste ano, durante atendimento espiritual na Casa\u00a0Dom\u00a0In\u00e1cio de Loyola.<\/p>\n<p><em>Fonte: Ag\u00eancia Brasil<\/em><\/p>\n<p>&nbsp;<\/p>\n<p>&nbsp;<\/p>\n","protected":false},"excerpt":{"rendered":"<p>A Pol\u00edcia Civil de Goi\u00e1s apreendeu nessa sexta-feira, 21, dinheiro, pedras preciosas e medicamentos em resid\u00eancias ligadas ao m\u00e9dium Jo\u00e3o de Deus, na cidade de Abadi\u00e2nia (GO). Foram feitas buscas em tr\u00eas endere\u00e7os.\u00a0Um dos alvos foi a Casa Dom In\u00e1cio de Loyola, onde Jo\u00e3o de Deus faz os atendimentos espirituais. Os agentes encontraram o dinheiro [&hellip;]<\/p>\n","protected":false},"author":96,"featured_media":0,"comment_status":"closed","ping_status":"closed","sticky":false,"template":"","format":"standard","meta":{"footnotes":""},"categories":[302,439],"tags":[],"class_list":["post-129142","post","type-post","status-publish","format-standard","hentry","category-brasil-mundo","category-ultima-hora"],"_links":{"self":[{"href":"https:\/\/diarioregionaldigital.com.br\/index.php?rest_route=\/wp\/v2\/posts\/129142","targetHints":{"allow":["GET"]}}],"collection":[{"href":"https:\/\/diarioregionaldigital.com.br\/index.php?rest_route=\/wp\/v2\/posts"}],"about":[{"href":"https:\/\/diarioregionaldigital.com.br\/index.php?rest_route=\/wp\/v2\/types\/post"}],"author":[{"embeddable":true,"href":"https:\/\/diarioregionaldigital.com.br\/index.php?rest_route=\/wp\/v2\/users\/96"}],"replies":[{"embeddable":true,"href":"https:\/\/diarioregionaldigital.com.br\/index.php?rest_route=%2Fwp%2Fv2%2Fcomments&post=129142"}],"version-history":[{"count":0,"href":"https:\/\/diarioregionaldigital.com.br\/index.php?rest_route=\/wp\/v2\/posts\/129142\/revisions"}],"wp:attachment":[{"href":"https:\/\/diarioregionaldigital.com.br\/index.php?rest_route=%2Fwp%2Fv2%2Fmedia&parent=129142"}],"wp:term":[{"taxonomy":"category","embeddable":true,"href":"https:\/\/diarioregionaldigital.com.br\/index.php?rest_route=%2Fwp%2Fv2%2Fcategories&post=129142"},{"taxonomy":"post_tag","embeddable":true,"href":"https:\/\/diarioregionaldigital.com.br\/index.php?rest_route=%2Fwp%2Fv2%2Ftags&post=129142"}],"curies":[{"name":"wp","href":"https:\/\/api.w.org\/{rel}","templated":true}]}}