{"id":129137,"date":"2018-12-22T06:49:13","date_gmt":"2018-12-22T08:49:13","guid":{"rendered":"https:\/\/diarioregionaldigital.com.br\/?p=129137"},"modified":"2018-12-22T09:53:36","modified_gmt":"2018-12-22T11:53:36","slug":"vigas-metalias-da-alca-do-viaduto-comecam-a-ser-instaladas","status":"publish","type":"post","link":"https:\/\/diarioregionaldigital.com.br\/?p=129137","title":{"rendered":"Vigas met\u00e1lias da al\u00e7a do viaduto come\u00e7am a ser instaladas"},"content":{"rendered":"<p>Nessa sexta-feira, 21, a al\u00e7a do Viaduto Augusto Franco come\u00e7a a ganhar forma. As vigas met\u00e1licas, que ligam os pilares e servir\u00e3o de base para a concretagem da pista de rolamento, come\u00e7aram a ser instaladas. Neste s\u00e1bado, o trabalho continua, com a coloca\u00e7\u00e3o de nove das 15 vigas. Cada uma delas tem 20 metros de comprimento e vieram em comboio de tr\u00eas carretas, chegando na noite de quinta, 20.<\/p>\n<p>A al\u00e7a facilitar\u00e1 o acesso \u00e0 Avenida Francisco Bernardino, para quem vem da Avenida Brasil, e desafogar\u00e1 o tr\u00e2nsito no entorno da Pra\u00e7a Ant\u00f4nio Carlos. Espera-se uma redu\u00e7\u00e3o de cerca de 30% do fluxo de ve\u00edculos.<\/p>\n<p>Atualmente, para chegar \u00e0 avenida, o motorista tem que subir o Viaduto, passar pela Pra\u00e7a Ant\u00f4nio Carlos e acessar a Travessa Doutor Prisco, chegando, finalmente, \u00e0 Avenida Francisco Bernardino. Com a obra, o motorista usar\u00e1 a al\u00e7a para chegar \u00e0 Rua \u00c2ngelo Falci, e, consequentemente, \u00e0 Avenida Francisco Bernardino.<\/p>\n<p><em>Fonte: Assessoria<\/em><\/p>\n","protected":false},"excerpt":{"rendered":"<p>Nessa sexta-feira, 21, a al\u00e7a do Viaduto Augusto Franco come\u00e7a a ganhar forma. As vigas met\u00e1licas, que ligam os pilares e servir\u00e3o de base para a concretagem da pista de rolamento, come\u00e7aram a ser instaladas. Neste s\u00e1bado, o trabalho continua, com a coloca\u00e7\u00e3o de nove das 15 vigas. Cada uma delas tem 20 metros de [&hellip;]<\/p>\n","protected":false},"author":96,"featured_media":105098,"comment_status":"closed","ping_status":"closed","sticky":false,"template":"","format":"standard","meta":{"footnotes":""},"categories":[253,439],"tags":[],"class_list":["post-129137","post","type-post","status-publish","format-standard","has-post-thumbnail","hentry","category-cidade","category-ultima-hora"],"_links":{"self":[{"href":"https:\/\/diarioregionaldigital.com.br\/index.php?rest_route=\/wp\/v2\/posts\/129137","targetHints":{"allow":["GET"]}}],"collection":[{"href":"https:\/\/diarioregionaldigital.com.br\/index.php?rest_route=\/wp\/v2\/posts"}],"about":[{"href":"https:\/\/diarioregionaldigital.com.br\/index.php?rest_route=\/wp\/v2\/types\/post"}],"author":[{"embeddable":true,"href":"https:\/\/diarioregionaldigital.com.br\/index.php?rest_route=\/wp\/v2\/users\/96"}],"replies":[{"embeddable":true,"href":"https:\/\/diarioregionaldigital.com.br\/index.php?rest_route=%2Fwp%2Fv2%2Fcomments&post=129137"}],"version-history":[{"count":0,"href":"https:\/\/diarioregionaldigital.com.br\/index.php?rest_route=\/wp\/v2\/posts\/129137\/revisions"}],"wp:featuredmedia":[{"embeddable":true,"href":"https:\/\/diarioregionaldigital.com.br\/index.php?rest_route=\/wp\/v2\/media\/105098"}],"wp:attachment":[{"href":"https:\/\/diarioregionaldigital.com.br\/index.php?rest_route=%2Fwp%2Fv2%2Fmedia&parent=129137"}],"wp:term":[{"taxonomy":"category","embeddable":true,"href":"https:\/\/diarioregionaldigital.com.br\/index.php?rest_route=%2Fwp%2Fv2%2Fcategories&post=129137"},{"taxonomy":"post_tag","embeddable":true,"href":"https:\/\/diarioregionaldigital.com.br\/index.php?rest_route=%2Fwp%2Fv2%2Ftags&post=129137"}],"curies":[{"name":"wp","href":"https:\/\/api.w.org\/{rel}","templated":true}]}}