{"id":129131,"date":"2018-12-22T09:41:08","date_gmt":"2018-12-22T11:41:08","guid":{"rendered":"https:\/\/diarioregionaldigital.com.br\/?p=129131"},"modified":"2018-12-22T09:41:08","modified_gmt":"2018-12-22T11:41:08","slug":"bem-comum-entrega-brinquedos-arrecadados-na-campanha-natal-do-bem","status":"publish","type":"post","link":"https:\/\/diarioregionaldigital.com.br\/?p=129131","title":{"rendered":"\u201cBem Comum\u201d entrega brinquedos arrecadados na campanha \u201cNatal do Bem\u201d"},"content":{"rendered":"<p>Na manh\u00e3 de quinta-feira, 20, e dessa sexta, 21, o projeto \u201cBem Comum\u201d, da Secretaria de Comunica\u00e7\u00e3o Social (SCS), da Prefeitura de Juiz de Fora (PJF), entregou os cerca de 300 brinquedos doados pela popula\u00e7\u00e3o durante a campanha \u201cNatal do Bem\u201d.<\/p>\n<p>As institui\u00e7\u00f5es que receberam foram a Associa\u00e7\u00e3o Beneficente Restituir e o Centro de Aten\u00e7\u00e3o Psicossocial da Inf\u00e2ncia e Juventude (Caps IJ), al\u00e9m de Lourival Alves Ferraz, que se veste de Papai Noel e faz a alegria de cerca de 600 crian\u00e7as do Bairro Ipiranga.<\/p>\n<p>Para ele, Natal \u00e9 tempo de alegria e amor: \u201cRealizo este trabalho h\u00e1 19 anos, e \u00e9 gratificante ver a alegria nos olhos de cada crian\u00e7a. Desejo a todos um feliz Natal\u201d.<\/p>\n<p><em>Fonte: Assessoria<\/em><\/p>\n","protected":false},"excerpt":{"rendered":"<p>Na manh\u00e3 de quinta-feira, 20, e dessa sexta, 21, o projeto \u201cBem Comum\u201d, da Secretaria de Comunica\u00e7\u00e3o Social (SCS), da Prefeitura de Juiz de Fora (PJF), entregou os cerca de 300 brinquedos doados pela popula\u00e7\u00e3o durante a campanha \u201cNatal do Bem\u201d. As institui\u00e7\u00f5es que receberam foram a Associa\u00e7\u00e3o Beneficente Restituir e o Centro de Aten\u00e7\u00e3o [&hellip;]<\/p>\n","protected":false},"author":96,"featured_media":0,"comment_status":"closed","ping_status":"closed","sticky":false,"template":"","format":"standard","meta":{"footnotes":""},"categories":[253,439],"tags":[],"class_list":["post-129131","post","type-post","status-publish","format-standard","hentry","category-cidade","category-ultima-hora"],"_links":{"self":[{"href":"https:\/\/diarioregionaldigital.com.br\/index.php?rest_route=\/wp\/v2\/posts\/129131","targetHints":{"allow":["GET"]}}],"collection":[{"href":"https:\/\/diarioregionaldigital.com.br\/index.php?rest_route=\/wp\/v2\/posts"}],"about":[{"href":"https:\/\/diarioregionaldigital.com.br\/index.php?rest_route=\/wp\/v2\/types\/post"}],"author":[{"embeddable":true,"href":"https:\/\/diarioregionaldigital.com.br\/index.php?rest_route=\/wp\/v2\/users\/96"}],"replies":[{"embeddable":true,"href":"https:\/\/diarioregionaldigital.com.br\/index.php?rest_route=%2Fwp%2Fv2%2Fcomments&post=129131"}],"version-history":[{"count":0,"href":"https:\/\/diarioregionaldigital.com.br\/index.php?rest_route=\/wp\/v2\/posts\/129131\/revisions"}],"wp:attachment":[{"href":"https:\/\/diarioregionaldigital.com.br\/index.php?rest_route=%2Fwp%2Fv2%2Fmedia&parent=129131"}],"wp:term":[{"taxonomy":"category","embeddable":true,"href":"https:\/\/diarioregionaldigital.com.br\/index.php?rest_route=%2Fwp%2Fv2%2Fcategories&post=129131"},{"taxonomy":"post_tag","embeddable":true,"href":"https:\/\/diarioregionaldigital.com.br\/index.php?rest_route=%2Fwp%2Fv2%2Ftags&post=129131"}],"curies":[{"name":"wp","href":"https:\/\/api.w.org\/{rel}","templated":true}]}}