{"id":129125,"date":"2018-12-22T09:31:54","date_gmt":"2018-12-22T11:31:54","guid":{"rendered":"https:\/\/diarioregionaldigital.com.br\/?p=129125"},"modified":"2018-12-22T09:31:54","modified_gmt":"2018-12-22T11:31:54","slug":"procon-orienta-sobre-compras-de-ultima-hora","status":"publish","type":"post","link":"https:\/\/diarioregionaldigital.com.br\/?p=129125","title":{"rendered":"Procon orienta sobre compras de \u00faltima hora"},"content":{"rendered":"<p>Muitas pessoas realizam as compras de Natal e de Ano Novo nos \u00faltimos dias antes das comemora\u00e7\u00f5es. Isso pode acarretar s\u00e9rios problemas e preju\u00edzos nas aquisi\u00e7\u00f5es. Diante disso, a Ag\u00eancia de Prote\u00e7\u00e3o e Defesa do Consumidor (Procon\/JF) da Prefeitura de Juiz de Fora (PJF) reuniu algumas dicas e orienta\u00e7\u00f5es para quem ainda vai \u00e0s compras. Mesmo com a falta de tempo, a pesquisa de pre\u00e7o ainda \u00e9 a garantia para otimizar os gastos. O mesmo produto, da mesma marca e modelo, pode ter acentuada varia\u00e7\u00e3o de pre\u00e7o entre as lojas da cidade.<\/p>\n<p>Outra dica \u00e9 dar prefer\u00eancia para pagamento \u00e0 vista. Caso a op\u00e7\u00e3o seja o parcelamento, \u00e9 importante ter conhecimento sobre taxas e juros embutidos nas parcelas. Verificar tamb\u00e9m a real necessidade da aquisi\u00e7\u00e3o, para n\u00e3o comprometer o or\u00e7amento, tendo em vista os gastos de in\u00edcio do ano, como os impostos Predial e Territorial Urbano (IPTU) e sobre a Propriedade de Ve\u00edculos Automotores (IPVA) e material escolar, dentre outros.<\/p>\n<p>Nas compras feitas diretamente nos estabelecimentos comerciais, a troca do produto, por motivos de cor, tamanho e modelo n\u00e3o \u00e9 obrigat\u00f3ria. O fornecedor s\u00f3 ser\u00e1 obrigado a realizar a substitui\u00e7\u00e3o caso tenha assumido o compromisso por escrito, seja na nota fiscal ou at\u00e9 na etiqueta do produto.<\/p>\n<p>Outra dica \u00e9 quanto ao produto. O consumidor deve evitar \u201cpirataria\u201d ou mercadoria de baixa qualidade, para n\u00e3o se decepcionar com a durabilidade e resist\u00eancia do mesmo. Se o produto for entregue na resid\u00eancia do consumidor, a dica \u00e9 assinar o documento de recebimento somente ap\u00f3s verificar o estado da mercadoria. Se houver alguma irregularidade, esta deve ser relacionada no pr\u00f3prio documento, justificando assim o n\u00e3o recebimento.<\/p>\n<p>Se ainda houver tempo para compras feitas pela internet, o consumidor dever\u00e1 pesquisar o hist\u00f3rico da empresa. Quest\u00f5es como endere\u00e7o f\u00edsico, telefone, Cadastro Nacional da Pessoa Jur\u00eddica (CNPJ) e e-mail s\u00e3o imprescind\u00edveis. Em sites oficiais h\u00e1 um cadeado de autentica\u00e7\u00e3o, localizado no canto superior esquerdo da p\u00e1gina. Ao efetuar a compra, o consumidor dever\u00e1 ficar atento ao prazo de entrega.<\/p>\n<p>Nas compras virtuais, como internet, cat\u00e1logo ou por telefone, o consumidor tem prazo de sete dias, a contar do recebimento do produto ou do servi\u00e7o, para desist\u00eancia, sem ter que arcar com taxas de envio e outros valores referentes \u00e0 devolu\u00e7\u00e3o. Outra dica \u00e9 guardar n\u00fameros do protocolo, confirma\u00e7\u00e3o do pedido, mensagens trocadas com o fornecedor e outras informa\u00e7\u00f5es que comprovem a aquisi\u00e7\u00e3o. Isso facilitar\u00e1 o processo de reclama\u00e7\u00e3o, caso ocorra algum imprevisto.<\/p>\n<p>A aten\u00e7\u00e3o deve ser redobradas para os sites hospedados fora do Brasil, pois esses seguem as normas de seus pa\u00edses de origem. Caso o consumidor tenha algum problema em compras internacionais, ter\u00e1 que resolv\u00ea-lo diretamente com o fornecedor.<\/p>\n<p>Para compras coletivas, as dicas principais s\u00e3o priorizar sites extremamente confi\u00e1veis e ler com aten\u00e7\u00e3o as regras para a efetiva\u00e7\u00e3o do neg\u00f3cio, que aparecem geralmente em letras pequenas no p\u00e9 da p\u00e1gina. Normalmente \u00e9 estabelecido n\u00famero m\u00ednimo de compradores, para que a venda do produto seja concretizada. \u00c9 importante checar tamb\u00e9m a validade da oferta.<\/p>\n<p>Caso tenha alguma d\u00favida ou reclama\u00e7\u00e3o, o consumidor poder\u00e1 ligar para o Procon\/JF por meio dos telefones 3690-7610 ou 3690-7611.<\/p>\n<p><em>Fonte: Assessoria<\/em><\/p>\n","protected":false},"excerpt":{"rendered":"<p>Muitas pessoas realizam as compras de Natal e de Ano Novo nos \u00faltimos dias antes das comemora\u00e7\u00f5es. Isso pode acarretar s\u00e9rios problemas e preju\u00edzos nas aquisi\u00e7\u00f5es. Diante disso, a Ag\u00eancia de Prote\u00e7\u00e3o e Defesa do Consumidor (Procon\/JF) da Prefeitura de Juiz de Fora (PJF) reuniu algumas dicas e orienta\u00e7\u00f5es para quem ainda vai \u00e0s compras. [&hellip;]<\/p>\n","protected":false},"author":96,"featured_media":0,"comment_status":"closed","ping_status":"closed","sticky":false,"template":"","format":"standard","meta":{"footnotes":""},"categories":[253,436,440],"tags":[],"class_list":["post-129125","post","type-post","status-publish","format-standard","hentry","category-cidade","category-destaque-da-semana","category-destaques-do-dia"],"_links":{"self":[{"href":"https:\/\/diarioregionaldigital.com.br\/index.php?rest_route=\/wp\/v2\/posts\/129125","targetHints":{"allow":["GET"]}}],"collection":[{"href":"https:\/\/diarioregionaldigital.com.br\/index.php?rest_route=\/wp\/v2\/posts"}],"about":[{"href":"https:\/\/diarioregionaldigital.com.br\/index.php?rest_route=\/wp\/v2\/types\/post"}],"author":[{"embeddable":true,"href":"https:\/\/diarioregionaldigital.com.br\/index.php?rest_route=\/wp\/v2\/users\/96"}],"replies":[{"embeddable":true,"href":"https:\/\/diarioregionaldigital.com.br\/index.php?rest_route=%2Fwp%2Fv2%2Fcomments&post=129125"}],"version-history":[{"count":0,"href":"https:\/\/diarioregionaldigital.com.br\/index.php?rest_route=\/wp\/v2\/posts\/129125\/revisions"}],"wp:attachment":[{"href":"https:\/\/diarioregionaldigital.com.br\/index.php?rest_route=%2Fwp%2Fv2%2Fmedia&parent=129125"}],"wp:term":[{"taxonomy":"category","embeddable":true,"href":"https:\/\/diarioregionaldigital.com.br\/index.php?rest_route=%2Fwp%2Fv2%2Fcategories&post=129125"},{"taxonomy":"post_tag","embeddable":true,"href":"https:\/\/diarioregionaldigital.com.br\/index.php?rest_route=%2Fwp%2Fv2%2Ftags&post=129125"}],"curies":[{"name":"wp","href":"https:\/\/api.w.org\/{rel}","templated":true}]}}