{"id":129117,"date":"2018-12-22T09:19:38","date_gmt":"2018-12-22T11:19:38","guid":{"rendered":"https:\/\/diarioregionaldigital.com.br\/?p=129117"},"modified":"2018-12-22T09:37:38","modified_gmt":"2018-12-22T11:37:38","slug":"verao-comeca-com-chuva-forte-e-alagamentos-em-varios-pontos","status":"publish","type":"post","link":"https:\/\/diarioregionaldigital.com.br\/?p=129117","title":{"rendered":"Ver\u00e3o come\u00e7a com chuva forte e alagamentos em v\u00e1rios pontos"},"content":{"rendered":"<p>A chuva intensa que come\u00e7ou por volta das 16h dessa sexta-feira, 21, foi o suficiente para, em poucos minutos, causar o alagamento de algumas ruas de Juiz de Fora.<\/p>\n<p>Segundo a Defesa Civil, a pasta atendeu dez chamados, sendo quatro relativos a desabamentos de muro de divisa e quatro destelhamentos, al\u00e9m de um alagamento em um pr\u00e9dio na Rua Doutor Sebasti\u00e3o de Andrade, no bairro Eldorado, zona Nordeste da cidade.<\/p>\n<h3>Primeiro dia<\/h3>\n<p>De acordo com o Instituto Nacional de Meteorologia (Inmet) a\u00a0previs\u00e3o \u00e9 de mais chuva neste s\u00e1bado, 22. A temperatura deve variar entre 18\u00ba a 28\u00ba.<\/p>\n","protected":false},"excerpt":{"rendered":"<p>A chuva intensa que come\u00e7ou por volta das 16h dessa sexta-feira, 21, foi o suficiente para, em poucos minutos, causar o alagamento de algumas ruas de Juiz de Fora. Segundo a Defesa Civil, a pasta atendeu dez chamados, sendo quatro relativos a desabamentos de muro de divisa e quatro destelhamentos, al\u00e9m de um alagamento em [&hellip;]<\/p>\n","protected":false},"author":96,"featured_media":0,"comment_status":"closed","ping_status":"closed","sticky":false,"template":"","format":"standard","meta":{"footnotes":""},"categories":[253,436,440,439],"tags":[],"class_list":["post-129117","post","type-post","status-publish","format-standard","hentry","category-cidade","category-destaque-da-semana","category-destaques-do-dia","category-ultima-hora"],"_links":{"self":[{"href":"https:\/\/diarioregionaldigital.com.br\/index.php?rest_route=\/wp\/v2\/posts\/129117","targetHints":{"allow":["GET"]}}],"collection":[{"href":"https:\/\/diarioregionaldigital.com.br\/index.php?rest_route=\/wp\/v2\/posts"}],"about":[{"href":"https:\/\/diarioregionaldigital.com.br\/index.php?rest_route=\/wp\/v2\/types\/post"}],"author":[{"embeddable":true,"href":"https:\/\/diarioregionaldigital.com.br\/index.php?rest_route=\/wp\/v2\/users\/96"}],"replies":[{"embeddable":true,"href":"https:\/\/diarioregionaldigital.com.br\/index.php?rest_route=%2Fwp%2Fv2%2Fcomments&post=129117"}],"version-history":[{"count":0,"href":"https:\/\/diarioregionaldigital.com.br\/index.php?rest_route=\/wp\/v2\/posts\/129117\/revisions"}],"wp:attachment":[{"href":"https:\/\/diarioregionaldigital.com.br\/index.php?rest_route=%2Fwp%2Fv2%2Fmedia&parent=129117"}],"wp:term":[{"taxonomy":"category","embeddable":true,"href":"https:\/\/diarioregionaldigital.com.br\/index.php?rest_route=%2Fwp%2Fv2%2Fcategories&post=129117"},{"taxonomy":"post_tag","embeddable":true,"href":"https:\/\/diarioregionaldigital.com.br\/index.php?rest_route=%2Fwp%2Fv2%2Ftags&post=129117"}],"curies":[{"name":"wp","href":"https:\/\/api.w.org\/{rel}","templated":true}]}}