{"id":129113,"date":"2018-12-22T08:10:47","date_gmt":"2018-12-22T10:10:47","guid":{"rendered":"https:\/\/diarioregionaldigital.com.br\/?p=129113"},"modified":"2018-12-22T09:37:19","modified_gmt":"2018-12-22T11:37:19","slug":"centro-de-ciencias-da-ufjf-abre-programacao-especial-nas-ferias","status":"publish","type":"post","link":"https:\/\/diarioregionaldigital.com.br\/?p=129113","title":{"rendered":"Centro de Ci\u00eancias da UFJF abre programa\u00e7\u00e3o especial nas f\u00e9rias"},"content":{"rendered":"<p>O Centro de Ci\u00eancias da Universidade Federal de Juiz de Fora (UFJF) vai trazer duas apresenta\u00e7\u00f5es especiais para o per\u00edodo de f\u00e9rias: \u201cA Qu\u00edmica dos Elementos\u201d e \u201cF\u00edsica sem Mist\u00e9rios\u201d, al\u00e9m do funcionamento normal de todas as exposi\u00e7\u00f5es e sess\u00f5es do planet\u00e1rio e do observat\u00f3rio. Durante todo o m\u00eas de janeiro, a partir do dia 5, de ter\u00e7a-feira a s\u00e1bado, das 15h \u00e0s 16h, ocorre a apresenta\u00e7\u00e3o \u201cA Qu\u00edmica dos Elementos\u201d, que continuar\u00e1 durante todo o ano de 2019 aos s\u00e1bados no mesmo hor\u00e1rio. \u201cF\u00edsica sem Mist\u00e9rios\u201d tamb\u00e9m est\u00e1 programada para janeiro, de ter\u00e7a-feira \u00e0 sexta-feira das 16h15 \u00e0s 17h e domingos de 10h15 \u00e0s 11h, continuando durante todo o ano aos domingos. Para as atividades especiais \u00e9 preciso\u00a0<a href=\"http:\/\/www.ufjf.br\/centrodeciencias\/agendamento\/\" target=\"_blank\" rel=\"noopener\">agendamento<\/a>\u00a0pr\u00e9vio, pois ser\u00e3o apenas 20 vagas para cada apresenta\u00e7\u00e3o, assim como para as sess\u00f5es do planet\u00e1rio e do observat\u00f3rio.<\/p>\n<p>O diretor do Centro de Ci\u00eancias, Eloi Teixeira, explica as apresenta\u00e7\u00f5es especiais de f\u00e9rias. \u201c<i>A Qu\u00edmica dos Elementos<\/i>\u00a0\u00e9 uma atividade especial, relativa ao Ano Internacional da Tabela Peri\u00f3dica, decretado pela ONU para ocorrer em 2019. Nesta apresenta\u00e7\u00e3o, ser\u00e3o mostrados de forma totalmente experimental propriedades e aplica\u00e7\u00f5es no cotidiano dos elementos qu\u00edmicos, possibilitando conhecer a Tabela Peri\u00f3dica de forma l\u00fadica e interativa. J\u00e1\u00a0<i>F\u00edsica sem Mist\u00e9rios<\/i>apresenta diversos fen\u00f4menos da f\u00edsica tamb\u00e9m de forma pr\u00e1tica, permitindo desmistificar esta ci\u00eancia, tida como muito dif\u00edcil e com pouca rela\u00e7\u00e3o com nossas vidas.\u201d<\/p>\n<p>Eloi tamb\u00e9m esclarece como ser\u00e1 o funcionamento das atividades. \u201cSer\u00e3o apresenta\u00e7\u00f5es em nossos laborat\u00f3rios de Ci\u00eancias, com participa\u00e7\u00e3o de mediadores, permitindo a intera\u00e7\u00e3o com o p\u00fablico, tudo de forma experimental e em linguagem que permitir\u00e1 o acesso de toda a popula\u00e7\u00e3o.\u201d Todas as a\u00e7\u00f5es do Centro de Ci\u00eancias s\u00e3o inteiramente gratuitas e as atividades s\u00e3o recomendadas para idades a partir de 6 anos.<\/p>\n<p style=\"padding-left: 30px;\">Fonte: Assessoria UFJF<\/p>\n","protected":false},"excerpt":{"rendered":"<p>O Centro de Ci\u00eancias da Universidade Federal de Juiz de Fora (UFJF) vai trazer duas apresenta\u00e7\u00f5es especiais para o per\u00edodo de f\u00e9rias: \u201cA Qu\u00edmica dos Elementos\u201d e \u201cF\u00edsica sem Mist\u00e9rios\u201d, al\u00e9m do funcionamento normal de todas as exposi\u00e7\u00f5es e sess\u00f5es do planet\u00e1rio e do observat\u00f3rio. Durante todo o m\u00eas de janeiro, a partir do dia [&hellip;]<\/p>\n","protected":false},"author":96,"featured_media":0,"comment_status":"closed","ping_status":"closed","sticky":false,"template":"","format":"standard","meta":{"footnotes":""},"categories":[253,436,440,439],"tags":[],"class_list":["post-129113","post","type-post","status-publish","format-standard","hentry","category-cidade","category-destaque-da-semana","category-destaques-do-dia","category-ultima-hora"],"_links":{"self":[{"href":"https:\/\/diarioregionaldigital.com.br\/index.php?rest_route=\/wp\/v2\/posts\/129113","targetHints":{"allow":["GET"]}}],"collection":[{"href":"https:\/\/diarioregionaldigital.com.br\/index.php?rest_route=\/wp\/v2\/posts"}],"about":[{"href":"https:\/\/diarioregionaldigital.com.br\/index.php?rest_route=\/wp\/v2\/types\/post"}],"author":[{"embeddable":true,"href":"https:\/\/diarioregionaldigital.com.br\/index.php?rest_route=\/wp\/v2\/users\/96"}],"replies":[{"embeddable":true,"href":"https:\/\/diarioregionaldigital.com.br\/index.php?rest_route=%2Fwp%2Fv2%2Fcomments&post=129113"}],"version-history":[{"count":0,"href":"https:\/\/diarioregionaldigital.com.br\/index.php?rest_route=\/wp\/v2\/posts\/129113\/revisions"}],"wp:attachment":[{"href":"https:\/\/diarioregionaldigital.com.br\/index.php?rest_route=%2Fwp%2Fv2%2Fmedia&parent=129113"}],"wp:term":[{"taxonomy":"category","embeddable":true,"href":"https:\/\/diarioregionaldigital.com.br\/index.php?rest_route=%2Fwp%2Fv2%2Fcategories&post=129113"},{"taxonomy":"post_tag","embeddable":true,"href":"https:\/\/diarioregionaldigital.com.br\/index.php?rest_route=%2Fwp%2Fv2%2Ftags&post=129113"}],"curies":[{"name":"wp","href":"https:\/\/api.w.org\/{rel}","templated":true}]}}