{"id":129112,"date":"2018-12-22T08:54:59","date_gmt":"2018-12-22T10:54:59","guid":{"rendered":"https:\/\/diarioregionaldigital.com.br\/?p=129112"},"modified":"2018-12-22T09:36:47","modified_gmt":"2018-12-22T11:36:47","slug":"ex-prefeito-de-juiz-de-fora-sera-secretario-de-estado-do-governo","status":"publish","type":"post","link":"https:\/\/diarioregionaldigital.com.br\/?p=129112","title":{"rendered":"Ex-prefeito de Juiz de Fora ser\u00e1 Secret\u00e1rio de Estado do Governo"},"content":{"rendered":"<p>Em um an\u00fancio feito pelo governador eleito, Romeu Zema (NOVO), nessa sexta-feira, 22, em suas redes sociais, o ex prefeito de Juiz de Fora, Cust\u00f3dio Mattos (PSDB) foi integrado para o primeiro escala\u00e7\u00e3o do seu futuro governo.<\/p>\n<p>O tucano ficar\u00e1 encarregado da gest\u00e3o pol\u00edtica e ir\u00e1 assumir a Secretaria de Estado de Governo. Cust\u00f3dio foi prefeito da cidade em dois mandados entre 1993 e 1996 e 2009 e 2012.\u00a0Al\u00e9m dele, o futuro governador divulgou os nomes dos novos secret\u00e1rios de Agricultura e Meio Ambiente.<\/p>\n<h3>Biografia<\/h3>\n<p>Cust\u00f3dio Mattos \u00e9 formado em direito e mestre em administra\u00e7\u00e3o p\u00fablica e ci\u00eancias sociais. Tamb\u00e9m possui especializa\u00e7\u00e3o em Gest\u00e3o Empresarial Avan\u00e7ada, pela INSEAD, na Fran\u00e7a. O pol\u00edtico foi ainda diretor do Banco de Desenvolvimento de Minas Gerais (BDMG)e secret\u00e1rio de Desenvolvimento Social em Minas e de Desenvolvimento Econ\u00f4mico de Belo Horizonte, na gest\u00e3o de Marcio Lacerda.<\/p>\n","protected":false},"excerpt":{"rendered":"<p>Em um an\u00fancio feito pelo governador eleito, Romeu Zema (NOVO), nessa sexta-feira, 22, em suas redes sociais, o ex prefeito de Juiz de Fora, Cust\u00f3dio Mattos (PSDB) foi integrado para o primeiro escala\u00e7\u00e3o do seu futuro governo. O tucano ficar\u00e1 encarregado da gest\u00e3o pol\u00edtica e ir\u00e1 assumir a Secretaria de Estado de Governo. Cust\u00f3dio foi [&hellip;]<\/p>\n","protected":false},"author":96,"featured_media":0,"comment_status":"closed","ping_status":"closed","sticky":false,"template":"","format":"standard","meta":{"footnotes":""},"categories":[253,436,440,439],"tags":[],"class_list":["post-129112","post","type-post","status-publish","format-standard","hentry","category-cidade","category-destaque-da-semana","category-destaques-do-dia","category-ultima-hora"],"_links":{"self":[{"href":"https:\/\/diarioregionaldigital.com.br\/index.php?rest_route=\/wp\/v2\/posts\/129112","targetHints":{"allow":["GET"]}}],"collection":[{"href":"https:\/\/diarioregionaldigital.com.br\/index.php?rest_route=\/wp\/v2\/posts"}],"about":[{"href":"https:\/\/diarioregionaldigital.com.br\/index.php?rest_route=\/wp\/v2\/types\/post"}],"author":[{"embeddable":true,"href":"https:\/\/diarioregionaldigital.com.br\/index.php?rest_route=\/wp\/v2\/users\/96"}],"replies":[{"embeddable":true,"href":"https:\/\/diarioregionaldigital.com.br\/index.php?rest_route=%2Fwp%2Fv2%2Fcomments&post=129112"}],"version-history":[{"count":0,"href":"https:\/\/diarioregionaldigital.com.br\/index.php?rest_route=\/wp\/v2\/posts\/129112\/revisions"}],"wp:attachment":[{"href":"https:\/\/diarioregionaldigital.com.br\/index.php?rest_route=%2Fwp%2Fv2%2Fmedia&parent=129112"}],"wp:term":[{"taxonomy":"category","embeddable":true,"href":"https:\/\/diarioregionaldigital.com.br\/index.php?rest_route=%2Fwp%2Fv2%2Fcategories&post=129112"},{"taxonomy":"post_tag","embeddable":true,"href":"https:\/\/diarioregionaldigital.com.br\/index.php?rest_route=%2Fwp%2Fv2%2Ftags&post=129112"}],"curies":[{"name":"wp","href":"https:\/\/api.w.org\/{rel}","templated":true}]}}