{"id":129110,"date":"2018-12-22T08:36:10","date_gmt":"2018-12-22T10:36:10","guid":{"rendered":"https:\/\/diarioregionaldigital.com.br\/?p=129110"},"modified":"2018-12-22T08:36:10","modified_gmt":"2018-12-22T10:36:10","slug":"mulher-e-assaltada-no-bairro-sao-bernardo","status":"publish","type":"post","link":"https:\/\/diarioregionaldigital.com.br\/?p=129110","title":{"rendered":"Mulher \u00e9 assaltada no bairro S\u00e3o Bernardo"},"content":{"rendered":"<p>Uma mulher, 38 anos, foi assaltada na noite dessa sexta-feira, 21, na Rua Goi\u00e1s, no bairro S\u00e3o Bernardo, na regi\u00e3o Leste de Juiz de Fora. Ela passava pelo local, por volta das 22h, quando foi abordada por um homem armado.<br \/>\nAp\u00f3s amea\u00e7as, o assaltante exigiu que a mulher entregasse o celular e a carteira, que continha R$200. Em seguida, o homem fugiu e n\u00e3o foi encontrado.<\/p>\n","protected":false},"excerpt":{"rendered":"<p>Uma mulher, 38 anos, foi assaltada na noite dessa sexta-feira, 21, na Rua Goi\u00e1s, no bairro S\u00e3o Bernardo, na regi\u00e3o Leste de Juiz de Fora. Ela passava pelo local, por volta das 22h, quando foi abordada por um homem armado. Ap\u00f3s amea\u00e7as, o assaltante exigiu que a mulher entregasse o celular e a carteira, que [&hellip;]<\/p>\n","protected":false},"author":96,"featured_media":95836,"comment_status":"closed","ping_status":"closed","sticky":false,"template":"","format":"standard","meta":{"footnotes":""},"categories":[301],"tags":[],"class_list":["post-129110","post","type-post","status-publish","format-standard","has-post-thumbnail","hentry","category-artigos-policiais"],"_links":{"self":[{"href":"https:\/\/diarioregionaldigital.com.br\/index.php?rest_route=\/wp\/v2\/posts\/129110","targetHints":{"allow":["GET"]}}],"collection":[{"href":"https:\/\/diarioregionaldigital.com.br\/index.php?rest_route=\/wp\/v2\/posts"}],"about":[{"href":"https:\/\/diarioregionaldigital.com.br\/index.php?rest_route=\/wp\/v2\/types\/post"}],"author":[{"embeddable":true,"href":"https:\/\/diarioregionaldigital.com.br\/index.php?rest_route=\/wp\/v2\/users\/96"}],"replies":[{"embeddable":true,"href":"https:\/\/diarioregionaldigital.com.br\/index.php?rest_route=%2Fwp%2Fv2%2Fcomments&post=129110"}],"version-history":[{"count":0,"href":"https:\/\/diarioregionaldigital.com.br\/index.php?rest_route=\/wp\/v2\/posts\/129110\/revisions"}],"wp:featuredmedia":[{"embeddable":true,"href":"https:\/\/diarioregionaldigital.com.br\/index.php?rest_route=\/wp\/v2\/media\/95836"}],"wp:attachment":[{"href":"https:\/\/diarioregionaldigital.com.br\/index.php?rest_route=%2Fwp%2Fv2%2Fmedia&parent=129110"}],"wp:term":[{"taxonomy":"category","embeddable":true,"href":"https:\/\/diarioregionaldigital.com.br\/index.php?rest_route=%2Fwp%2Fv2%2Fcategories&post=129110"},{"taxonomy":"post_tag","embeddable":true,"href":"https:\/\/diarioregionaldigital.com.br\/index.php?rest_route=%2Fwp%2Fv2%2Ftags&post=129110"}],"curies":[{"name":"wp","href":"https:\/\/api.w.org\/{rel}","templated":true}]}}