{"id":129108,"date":"2018-12-22T08:10:33","date_gmt":"2018-12-22T10:10:33","guid":{"rendered":"https:\/\/diarioregionaldigital.com.br\/?p=129108"},"modified":"2018-12-22T08:10:33","modified_gmt":"2018-12-22T10:10:33","slug":"mulher-e-vitima-de-homicidio-na-zona-sudeste","status":"publish","type":"post","link":"https:\/\/diarioregionaldigital.com.br\/?p=129108","title":{"rendered":"Mulher \u00e9 v\u00edtima de homic\u00eddio na zona Sudeste"},"content":{"rendered":"<p>Uma mulher, de 27 anos, foi morta a tiros nessa sexta-feira, 21, no bairro JK, na regi\u00e3o Sudeste de Juiz de Fora. A Pol\u00edcia Militar (PM) encontrou a v\u00edtima ca\u00edda na Alameda Adelaide Campos Resende com diversas perfura\u00e7\u00f5es no corpo feitas por tiros.<br \/>\nO Servi\u00e7o de Atendimento M\u00f3vel de Urg\u00eancia (SAMU) foi acionado, assim como a per\u00edcia, que constatou que a mulher foi atingida por tiros na cabe\u00e7a, no ombro e no bra\u00e7o esquerdo. Ao todo, foram 15 perfura\u00e7\u00f5es.<br \/>\nSegundo informa\u00e7\u00f5es de uma testemunha, 46 anos, o autor seria um homem negro, de estatura mediana e que, fugiu no sentido a Rua Natalino Jos\u00e9 de Paula, no bairro Costa Carvalho.<br \/>\nA PM est\u00e1 investigando o caso.<\/p>\n","protected":false},"excerpt":{"rendered":"<p>Uma mulher, de 27 anos, foi morta a tiros nessa sexta-feira, 21, no bairro JK, na regi\u00e3o Sudeste de Juiz de Fora. A Pol\u00edcia Militar (PM) encontrou a v\u00edtima ca\u00edda na Alameda Adelaide Campos Resende com diversas perfura\u00e7\u00f5es no corpo feitas por tiros. O Servi\u00e7o de Atendimento M\u00f3vel de Urg\u00eancia (SAMU) foi acionado, assim como [&hellip;]<\/p>\n","protected":false},"author":96,"featured_media":95836,"comment_status":"closed","ping_status":"closed","sticky":false,"template":"","format":"standard","meta":{"footnotes":""},"categories":[301],"tags":[],"class_list":["post-129108","post","type-post","status-publish","format-standard","has-post-thumbnail","hentry","category-artigos-policiais"],"_links":{"self":[{"href":"https:\/\/diarioregionaldigital.com.br\/index.php?rest_route=\/wp\/v2\/posts\/129108","targetHints":{"allow":["GET"]}}],"collection":[{"href":"https:\/\/diarioregionaldigital.com.br\/index.php?rest_route=\/wp\/v2\/posts"}],"about":[{"href":"https:\/\/diarioregionaldigital.com.br\/index.php?rest_route=\/wp\/v2\/types\/post"}],"author":[{"embeddable":true,"href":"https:\/\/diarioregionaldigital.com.br\/index.php?rest_route=\/wp\/v2\/users\/96"}],"replies":[{"embeddable":true,"href":"https:\/\/diarioregionaldigital.com.br\/index.php?rest_route=%2Fwp%2Fv2%2Fcomments&post=129108"}],"version-history":[{"count":0,"href":"https:\/\/diarioregionaldigital.com.br\/index.php?rest_route=\/wp\/v2\/posts\/129108\/revisions"}],"wp:featuredmedia":[{"embeddable":true,"href":"https:\/\/diarioregionaldigital.com.br\/index.php?rest_route=\/wp\/v2\/media\/95836"}],"wp:attachment":[{"href":"https:\/\/diarioregionaldigital.com.br\/index.php?rest_route=%2Fwp%2Fv2%2Fmedia&parent=129108"}],"wp:term":[{"taxonomy":"category","embeddable":true,"href":"https:\/\/diarioregionaldigital.com.br\/index.php?rest_route=%2Fwp%2Fv2%2Fcategories&post=129108"},{"taxonomy":"post_tag","embeddable":true,"href":"https:\/\/diarioregionaldigital.com.br\/index.php?rest_route=%2Fwp%2Fv2%2Ftags&post=129108"}],"curies":[{"name":"wp","href":"https:\/\/api.w.org\/{rel}","templated":true}]}}