{"id":129098,"date":"2018-12-21T10:08:07","date_gmt":"2018-12-21T12:08:07","guid":{"rendered":"https:\/\/diarioregionaldigital.com.br\/?p=129098"},"modified":"2018-12-21T10:08:07","modified_gmt":"2018-12-21T12:08:07","slug":"com-corte-em-verba-para-comunicacao-bolsonaro-revisara-contratos","status":"publish","type":"post","link":"https:\/\/diarioregionaldigital.com.br\/?p=129098","title":{"rendered":"Com corte em verba para comunica\u00e7\u00e3o, Bolsonaro revisar\u00e1 contratos"},"content":{"rendered":"<p>O presidente eleito, Jair Bolsonaro, afirmou nesta sexta-feira, 21, no Twitter, que revisar\u00e1 contratos e reavaliar\u00e1 o quadro de pessoal da Secretaria de Comunica\u00e7\u00e3o (Secom), vinculada \u00e0 Presid\u00eancia da Rep\u00fablica. Segundo ele, o or\u00e7amento aprovado pelo Congresso Nacional para a \u00e1rea \u00e9 praticamente metade do proposto. Bolsonaro disse que trabalhar\u00e1 de acordo com o valor final, sem buscar aumentos.<\/p>\n<p>\u201cO Congresso aprovou or\u00e7amento de R$150 milh\u00f5es para a Secretaria de Comunica\u00e7\u00e3o Social em 2019, um corte de 45,8% do valor proposto pelo atual governo [R$277 milh\u00f5es]\u201d, disse. \u201cRevisaremos diversos contratos e reavaliaremos o quadro pessoal da Secom a fim de reduzir ainda mais o or\u00e7amento para 2020. Vamos mostrar, nesta e em outras \u00e1reas, na pr\u00e1tica, os benef\u00edcios da correta aplica\u00e7\u00e3o de recursos p\u00fablicos\u201d, acrescentou.<\/p>\n<p>O presidente eleito afirmou que na sua gest\u00e3o, que come\u00e7a em 1\u00ba de janeiro de 2019, n\u00e3o haver\u00e1 esfor\u00e7o para elevar valores no Or\u00e7amento Geral da Uni\u00e3o. \u201cInformo que nosso governo n\u00e3o ir\u00e1 pleitear qualquer aumento no or\u00e7amento e trabalhar\u00e1 com o valor aprovado.\u201d<\/p>\n<p><em>Fonte: Ag\u00eancia Brasil<\/em><\/p>\n","protected":false},"excerpt":{"rendered":"<p>O presidente eleito, Jair Bolsonaro, afirmou nesta sexta-feira, 21, no Twitter, que revisar\u00e1 contratos e reavaliar\u00e1 o quadro de pessoal da Secretaria de Comunica\u00e7\u00e3o (Secom), vinculada \u00e0 Presid\u00eancia da Rep\u00fablica. Segundo ele, o or\u00e7amento aprovado pelo Congresso Nacional para a \u00e1rea \u00e9 praticamente metade do proposto. Bolsonaro disse que trabalhar\u00e1 de acordo com o valor [&hellip;]<\/p>\n","protected":false},"author":96,"featured_media":0,"comment_status":"closed","ping_status":"closed","sticky":false,"template":"","format":"standard","meta":{"footnotes":""},"categories":[254,439],"tags":[],"class_list":["post-129098","post","type-post","status-publish","format-standard","hentry","category-politica","category-ultima-hora"],"_links":{"self":[{"href":"https:\/\/diarioregionaldigital.com.br\/index.php?rest_route=\/wp\/v2\/posts\/129098","targetHints":{"allow":["GET"]}}],"collection":[{"href":"https:\/\/diarioregionaldigital.com.br\/index.php?rest_route=\/wp\/v2\/posts"}],"about":[{"href":"https:\/\/diarioregionaldigital.com.br\/index.php?rest_route=\/wp\/v2\/types\/post"}],"author":[{"embeddable":true,"href":"https:\/\/diarioregionaldigital.com.br\/index.php?rest_route=\/wp\/v2\/users\/96"}],"replies":[{"embeddable":true,"href":"https:\/\/diarioregionaldigital.com.br\/index.php?rest_route=%2Fwp%2Fv2%2Fcomments&post=129098"}],"version-history":[{"count":0,"href":"https:\/\/diarioregionaldigital.com.br\/index.php?rest_route=\/wp\/v2\/posts\/129098\/revisions"}],"wp:attachment":[{"href":"https:\/\/diarioregionaldigital.com.br\/index.php?rest_route=%2Fwp%2Fv2%2Fmedia&parent=129098"}],"wp:term":[{"taxonomy":"category","embeddable":true,"href":"https:\/\/diarioregionaldigital.com.br\/index.php?rest_route=%2Fwp%2Fv2%2Fcategories&post=129098"},{"taxonomy":"post_tag","embeddable":true,"href":"https:\/\/diarioregionaldigital.com.br\/index.php?rest_route=%2Fwp%2Fv2%2Ftags&post=129098"}],"curies":[{"name":"wp","href":"https:\/\/api.w.org\/{rel}","templated":true}]}}