{"id":129032,"date":"2018-12-23T06:00:06","date_gmt":"2018-12-23T08:00:06","guid":{"rendered":"https:\/\/diarioregionaldigital.com.br\/?p=129032"},"modified":"2019-01-05T01:07:28","modified_gmt":"2019-01-05T03:07:28","slug":"e-natal-3","status":"publish","type":"post","link":"https:\/\/diarioregionaldigital.com.br\/?p=129032","title":{"rendered":". . . \u00c9 Natal . . ."},"content":{"rendered":"<p style=\"text-align: center;\"><span style=\"font-size: 18pt;\"><strong>. . . \u00c9 Natal . . .<\/strong><\/span><\/p>\n<p style=\"text-align: center;\">Em momento de muitas celebra\u00e7\u00f5es, o Natal chega trazendo movimento de ponta-cabe\u00e7a \u00e0 espera de paz e luz para todos. A revolu\u00e7\u00e3o de costumes continua a desenhar perfis e sublinha a mudan\u00e7a, mas n\u00e3o perde a tradi\u00e7\u00e3o. Em fotos especiais, personagens de nosso mundinho social juntamente com este colunista conjugam o Feliz Natal!<\/p>\n<div id=\"attachment_129024\" style=\"width: 690px\" class=\"wp-caption aligncenter\"><img loading=\"lazy\" decoding=\"async\" aria-describedby=\"caption-attachment-129024\" class=\"wp-image-129024\" src=\"https:\/\/diarioregionaldigital.com.br\/wp-content\/uploads\/2018\/12\/fotom-3-e1545342180910.jpg\" alt=\"\" width=\"680\" height=\"607\" srcset=\"https:\/\/diarioregionaldigital.com.br\/wp-content\/uploads\/2018\/12\/fotom-3-e1545342180910.jpg 637w, https:\/\/diarioregionaldigital.com.br\/wp-content\/uploads\/2018\/12\/fotom-3-e1545342180910-300x268.jpg 300w, https:\/\/diarioregionaldigital.com.br\/wp-content\/uploads\/2018\/12\/fotom-3-e1545342180910-360x322.jpg 360w\" sizes=\"auto, (max-width: 680px) 100vw, 680px\" \/><p id=\"caption-attachment-129024\" class=\"wp-caption-text\">O Natal-luz do bonit\u00e3o Josean Pestana<\/p><\/div>\n<div id=\"attachment_129014\" style=\"width: 690px\" class=\"wp-caption aligncenter\"><img loading=\"lazy\" decoding=\"async\" aria-describedby=\"caption-attachment-129014\" class=\"wp-image-129014\" src=\"https:\/\/diarioregionaldigital.com.br\/wp-content\/uploads\/2018\/12\/fotob-14-e1545342337575.jpg\" alt=\"\" width=\"680\" height=\"482\" srcset=\"https:\/\/diarioregionaldigital.com.br\/wp-content\/uploads\/2018\/12\/fotob-14-e1545342337575.jpg 902w, https:\/\/diarioregionaldigital.com.br\/wp-content\/uploads\/2018\/12\/fotob-14-e1545342337575-300x213.jpg 300w, https:\/\/diarioregionaldigital.com.br\/wp-content\/uploads\/2018\/12\/fotob-14-e1545342337575-768x545.jpg 768w, https:\/\/diarioregionaldigital.com.br\/wp-content\/uploads\/2018\/12\/fotob-14-e1545342337575-750x530.jpg 750w, https:\/\/diarioregionaldigital.com.br\/wp-content\/uploads\/2018\/12\/fotob-14-e1545342337575-360x255.jpg 360w, https:\/\/diarioregionaldigital.com.br\/wp-content\/uploads\/2018\/12\/fotob-14-e1545342337575-100x70.jpg 100w\" sizes=\"auto, (max-width: 680px) 100vw, 680px\" \/><p id=\"caption-attachment-129014\" class=\"wp-caption-text\">Mam\u00e3e Noel recebendo as doa\u00e7\u00f5es do SIRCOM para zona Norte com J\u00e9ssica Pereira, R\u00f4mullo Vieira, Rafaela Frutuoso e Caio Z\u00f3ia<\/p><\/div>\n<div id=\"attachment_129013\" style=\"width: 690px\" class=\"wp-caption aligncenter\"><img loading=\"lazy\" decoding=\"async\" aria-describedby=\"caption-attachment-129013\" class=\"wp-image-129013\" src=\"https:\/\/diarioregionaldigital.com.br\/wp-content\/uploads\/2018\/12\/fotoa-14-e1545342359410.jpg\" alt=\"\" width=\"680\" height=\"510\" srcset=\"https:\/\/diarioregionaldigital.com.br\/wp-content\/uploads\/2018\/12\/fotoa-14-e1545342359410.jpg 400w, https:\/\/diarioregionaldigital.com.br\/wp-content\/uploads\/2018\/12\/fotoa-14-e1545342359410-300x225.jpg 300w, https:\/\/diarioregionaldigital.com.br\/wp-content\/uploads\/2018\/12\/fotoa-14-e1545342359410-360x270.jpg 360w\" sizes=\"auto, (max-width: 680px) 100vw, 680px\" \/><p id=\"caption-attachment-129013\" class=\"wp-caption-text\">Festejando o Natal no Trade Hotel, os empres\u00e1rios Elis\u00e2ngela Nogueira e Bruno da Nogueira<\/p><\/div>\n<div id=\"attachment_129015\" style=\"width: 690px\" class=\"wp-caption aligncenter\"><img loading=\"lazy\" decoding=\"async\" aria-describedby=\"caption-attachment-129015\" class=\"wp-image-129015\" src=\"https:\/\/diarioregionaldigital.com.br\/wp-content\/uploads\/2018\/12\/fotoc-14-e1545342318218.jpg\" alt=\"\" width=\"680\" height=\"472\" srcset=\"https:\/\/diarioregionaldigital.com.br\/wp-content\/uploads\/2018\/12\/fotoc-14-e1545342318218.jpg 923w, https:\/\/diarioregionaldigital.com.br\/wp-content\/uploads\/2018\/12\/fotoc-14-e1545342318218-300x208.jpg 300w, https:\/\/diarioregionaldigital.com.br\/wp-content\/uploads\/2018\/12\/fotoc-14-e1545342318218-768x533.jpg 768w, https:\/\/diarioregionaldigital.com.br\/wp-content\/uploads\/2018\/12\/fotoc-14-e1545342318218-360x250.jpg 360w, https:\/\/diarioregionaldigital.com.br\/wp-content\/uploads\/2018\/12\/fotoc-14-e1545342318218-100x70.jpg 100w\" sizes=\"auto, (max-width: 680px) 100vw, 680px\" \/><p id=\"caption-attachment-129015\" class=\"wp-caption-text\">O 1\u00ba Natal de Bernardo com os pais Luciana Carvalho Cruz e Fernando Cruz<\/p><\/div>\n<div id=\"attachment_129016\" style=\"width: 690px\" class=\"wp-caption aligncenter\"><img loading=\"lazy\" decoding=\"async\" aria-describedby=\"caption-attachment-129016\" class=\"wp-image-129016\" src=\"https:\/\/diarioregionaldigital.com.br\/wp-content\/uploads\/2018\/12\/fotod-14-e1545342295868.jpg\" alt=\"\" width=\"680\" height=\"519\" srcset=\"https:\/\/diarioregionaldigital.com.br\/wp-content\/uploads\/2018\/12\/fotod-14-e1545342295868.jpg 720w, https:\/\/diarioregionaldigital.com.br\/wp-content\/uploads\/2018\/12\/fotod-14-e1545342295868-300x229.jpg 300w, https:\/\/diarioregionaldigital.com.br\/wp-content\/uploads\/2018\/12\/fotod-14-e1545342295868-360x275.jpg 360w\" sizes=\"auto, (max-width: 680px) 100vw, 680px\" \/><p id=\"caption-attachment-129016\" class=\"wp-caption-text\">Em Bicas no Natal Solid\u00e1rio, Marco Mattos recebeu a linda Gabi Gabizoca<\/p><\/div>\n<div id=\"attachment_129017\" style=\"width: 690px\" class=\"wp-caption aligncenter\"><img loading=\"lazy\" decoding=\"async\" aria-describedby=\"caption-attachment-129017\" class=\"wp-image-129017\" src=\"https:\/\/diarioregionaldigital.com.br\/wp-content\/uploads\/2018\/12\/fotoe-12.jpg\" alt=\"\" width=\"680\" height=\"459\" srcset=\"https:\/\/diarioregionaldigital.com.br\/wp-content\/uploads\/2018\/12\/fotoe-12.jpg 1612w, https:\/\/diarioregionaldigital.com.br\/wp-content\/uploads\/2018\/12\/fotoe-12-300x202.jpg 300w, https:\/\/diarioregionaldigital.com.br\/wp-content\/uploads\/2018\/12\/fotoe-12-768x518.jpg 768w, https:\/\/diarioregionaldigital.com.br\/wp-content\/uploads\/2018\/12\/fotoe-12-1024x691.jpg 1024w, https:\/\/diarioregionaldigital.com.br\/wp-content\/uploads\/2018\/12\/fotoe-12-360x243.jpg 360w\" sizes=\"auto, (max-width: 680px) 100vw, 680px\" \/><p id=\"caption-attachment-129017\" class=\"wp-caption-text\">No Marcellu\u2019s Aero, Luciana Paschoalino, V\u00e2nia Piccinini Silva, Iris Carone Rachid, Caroline Passos, L\u00facia Domith<\/p><\/div>\n<div id=\"attachment_129023\" style=\"width: 690px\" class=\"wp-caption aligncenter\"><img loading=\"lazy\" decoding=\"async\" aria-describedby=\"caption-attachment-129023\" class=\"wp-image-129023\" src=\"https:\/\/diarioregionaldigital.com.br\/wp-content\/uploads\/2018\/12\/fotol-6.jpg\" alt=\"\" width=\"680\" height=\"521\" srcset=\"https:\/\/diarioregionaldigital.com.br\/wp-content\/uploads\/2018\/12\/fotol-6.jpg 1512w, https:\/\/diarioregionaldigital.com.br\/wp-content\/uploads\/2018\/12\/fotol-6-300x230.jpg 300w, https:\/\/diarioregionaldigital.com.br\/wp-content\/uploads\/2018\/12\/fotol-6-768x588.jpg 768w, https:\/\/diarioregionaldigital.com.br\/wp-content\/uploads\/2018\/12\/fotol-6-1024x784.jpg 1024w, https:\/\/diarioregionaldigital.com.br\/wp-content\/uploads\/2018\/12\/fotol-6-360x276.jpg 360w\" sizes=\"auto, (max-width: 680px) 100vw, 680px\" \/><p id=\"caption-attachment-129023\" class=\"wp-caption-text\">Momento especial no MHALL com Fl\u00e1via Arag\u00e3o Platz, Cris Bissoli e Desir\u00e9e Couri<\/p><\/div>\n<div id=\"attachment_129022\" style=\"width: 690px\" class=\"wp-caption aligncenter\"><img loading=\"lazy\" decoding=\"async\" aria-describedby=\"caption-attachment-129022\" class=\"wp-image-129022\" src=\"https:\/\/diarioregionaldigital.com.br\/wp-content\/uploads\/2018\/12\/fotoj-7-e1545342205887.jpg\" alt=\"\" width=\"680\" height=\"523\" srcset=\"https:\/\/diarioregionaldigital.com.br\/wp-content\/uploads\/2018\/12\/fotoj-7-e1545342205887.jpg 960w, https:\/\/diarioregionaldigital.com.br\/wp-content\/uploads\/2018\/12\/fotoj-7-e1545342205887-300x231.jpg 300w, https:\/\/diarioregionaldigital.com.br\/wp-content\/uploads\/2018\/12\/fotoj-7-e1545342205887-768x591.jpg 768w, https:\/\/diarioregionaldigital.com.br\/wp-content\/uploads\/2018\/12\/fotoj-7-e1545342205887-360x277.jpg 360w\" sizes=\"auto, (max-width: 680px) 100vw, 680px\" \/><p id=\"caption-attachment-129022\" class=\"wp-caption-text\">No Mesas de Natal no Marcellus-Aero, Sandra Cordeiro, Patr\u00edcia Ribeiro, Sheila Oliveira, Dolores Tambasco<\/p><\/div>\n<div id=\"attachment_129021\" style=\"width: 690px\" class=\"wp-caption aligncenter\"><img loading=\"lazy\" decoding=\"async\" aria-describedby=\"caption-attachment-129021\" class=\"wp-image-129021\" src=\"https:\/\/diarioregionaldigital.com.br\/wp-content\/uploads\/2018\/12\/fotoi-9-e1545342226696.jpg\" alt=\"\" width=\"680\" height=\"432\" srcset=\"https:\/\/diarioregionaldigital.com.br\/wp-content\/uploads\/2018\/12\/fotoi-9-e1545342226696.jpg 1555w, https:\/\/diarioregionaldigital.com.br\/wp-content\/uploads\/2018\/12\/fotoi-9-e1545342226696-300x191.jpg 300w, https:\/\/diarioregionaldigital.com.br\/wp-content\/uploads\/2018\/12\/fotoi-9-e1545342226696-768x488.jpg 768w, https:\/\/diarioregionaldigital.com.br\/wp-content\/uploads\/2018\/12\/fotoi-9-e1545342226696-1024x651.jpg 1024w, https:\/\/diarioregionaldigital.com.br\/wp-content\/uploads\/2018\/12\/fotoi-9-e1545342226696-360x229.jpg 360w, https:\/\/diarioregionaldigital.com.br\/wp-content\/uploads\/2018\/12\/fotoi-9-e1545342226696-490x310.jpg 490w\" sizes=\"auto, (max-width: 680px) 100vw, 680px\" \/><p id=\"caption-attachment-129021\" class=\"wp-caption-text\">Natal Sui\u00e7a x Brasil com Vera Alice Tam, Eduardo Gomes e Lidiane Stambassi<\/p><\/div>\n<div id=\"attachment_129020\" style=\"width: 690px\" class=\"wp-caption aligncenter\"><img loading=\"lazy\" decoding=\"async\" aria-describedby=\"caption-attachment-129020\" class=\"wp-image-129020\" src=\"https:\/\/diarioregionaldigital.com.br\/wp-content\/uploads\/2018\/12\/fotoh-12-e1545342246418.jpg\" alt=\"\" width=\"680\" height=\"497\" srcset=\"https:\/\/diarioregionaldigital.com.br\/wp-content\/uploads\/2018\/12\/fotoh-12-e1545342246418.jpg 640w, https:\/\/diarioregionaldigital.com.br\/wp-content\/uploads\/2018\/12\/fotoh-12-e1545342246418-300x219.jpg 300w, https:\/\/diarioregionaldigital.com.br\/wp-content\/uploads\/2018\/12\/fotoh-12-e1545342246418-360x263.jpg 360w\" sizes=\"auto, (max-width: 680px) 100vw, 680px\" \/><p id=\"caption-attachment-129020\" class=\"wp-caption-text\">Na Casinha 649, Ingrid Og Duayer chegando para o Natal<\/p><\/div>\n<div id=\"attachment_129019\" style=\"width: 690px\" class=\"wp-caption aligncenter\"><img loading=\"lazy\" decoding=\"async\" aria-describedby=\"caption-attachment-129019\" class=\"wp-image-129019\" src=\"https:\/\/diarioregionaldigital.com.br\/wp-content\/uploads\/2018\/12\/fotog-14-e1545342272569.jpg\" alt=\"\" width=\"680\" height=\"546\" srcset=\"https:\/\/diarioregionaldigital.com.br\/wp-content\/uploads\/2018\/12\/fotog-14-e1545342272569.jpg 816w, https:\/\/diarioregionaldigital.com.br\/wp-content\/uploads\/2018\/12\/fotog-14-e1545342272569-300x241.jpg 300w, https:\/\/diarioregionaldigital.com.br\/wp-content\/uploads\/2018\/12\/fotog-14-e1545342272569-768x616.jpg 768w, https:\/\/diarioregionaldigital.com.br\/wp-content\/uploads\/2018\/12\/fotog-14-e1545342272569-360x289.jpg 360w\" sizes=\"auto, (max-width: 680px) 100vw, 680px\" \/><p id=\"caption-attachment-129019\" class=\"wp-caption-text\">Iolanda montando \u00e1rvore de Natal com seu pai Petrillo<\/p><\/div>\n<div id=\"attachment_129018\" style=\"width: 690px\" class=\"wp-caption aligncenter\"><img loading=\"lazy\" decoding=\"async\" aria-describedby=\"caption-attachment-129018\" class=\"wp-image-129018\" src=\"https:\/\/diarioregionaldigital.com.br\/wp-content\/uploads\/2018\/12\/fotof-15.jpg\" alt=\"\" width=\"680\" height=\"455\" srcset=\"https:\/\/diarioregionaldigital.com.br\/wp-content\/uploads\/2018\/12\/fotof-15.jpg 1758w, https:\/\/diarioregionaldigital.com.br\/wp-content\/uploads\/2018\/12\/fotof-15-300x201.jpg 300w, https:\/\/diarioregionaldigital.com.br\/wp-content\/uploads\/2018\/12\/fotof-15-768x514.jpg 768w, https:\/\/diarioregionaldigital.com.br\/wp-content\/uploads\/2018\/12\/fotof-15-1024x685.jpg 1024w, https:\/\/diarioregionaldigital.com.br\/wp-content\/uploads\/2018\/12\/fotof-15-360x241.jpg 360w\" sizes=\"auto, (max-width: 680px) 100vw, 680px\" \/><p id=\"caption-attachment-129018\" class=\"wp-caption-text\">Val\u00e9ria Salles, Ciro Marcos Silva, Arly Queiros Salles, Gra\u00e7a Loures, no Mesas de Natal<\/p><\/div>\n<p style=\"text-align: center;\"><strong>FOTOSS\u00cdNTESE<\/strong><\/p>\n<p>Juntando doses de criatividade, a Imobili\u00e1ria Oliveira Matta inova atendendo toda a regi\u00e3o, alugando im\u00f3veis sem fiador e car\u00eancia de 2 meses no aluguel.<\/p>\n<p>O programa \u201cGente em Primeira Lugar\u2019, da Prefeitura de Juiz de Fora, gerido pela Associa\u00e7\u00e3o Cultural Arte e Vida ser\u00e1 beneficiada pelo Instituto Albert Sabin. Ponto para o diretor C\u00e9lio Chagas.<br \/>\nDe rar\u00edssima beleza, a Elemento Casa inaugura em janeiro na Av. Presidente Itamar Franco, n\u00ba 3295, uma loja voltada para m\u00f3veis de design.<\/p>\n<p>Lilian Fartura est\u00e1 esnobando bom-gosto com a linha de joias da Mina do Ouro para presente de Natal. Com atendimento personalizado, as pe\u00e7as em forma de brinco de argola, colar com b\u00fazios, ouro, p\u00e9rola e fios de ouro e o anel flores em ouro com diamantes s\u00e3o destaques.<\/p>\n<p>A Missa do Imposs\u00edvel celebrada pelo carism\u00e1tico Padre Pierre Maur\u00edcio reuniu na 3\u00aa feira passada mais de 20 mil pessoas ao redor da Igreja S\u00e3o Jos\u00e9 na Av. Sete de Setembro.<\/p>\n<p>O presidente da Santa Casa, Renato Villela Loures, recebeu da C\u00e2mara Municipal do Rio de Janeiro, mo\u00e7\u00e3o e a \u201cMedalha Pedro Ernesto\u201d, por iniciativa do vereador Alexandre Isquierdo. A solenidade foi no sal\u00e3o nobre do hospital, em Juiz de Fora.<\/p>\n<p>Gente da cultura em Juiz de Fora est\u00e1 na expectativa para a poss\u00edvel publica\u00e7\u00e3o ainda em dezembro do edital da Lei Murilo Mendes. Quem viver, ver\u00e1.<\/p>\n<p>O Shopping Jardim Norte est\u00e1 com exposi\u00e7\u00e3o \u201cNatal feito \u00e0 m\u00e3o\u201d produzidas com pe\u00e7as decorativas de Natal pelos alunos das oficinas de artesanato da Pra\u00e7a C\u00e9u.<\/p>\n<p>Paulo Alvarez mostra junto com Val\u00e9ria Faria mais uma edi\u00e7\u00e3o do tema Transbarroco. S\u00e3o artes visuais delicadas.<\/p>\n<p>Para refletir: Eleg\u00e2ncia \u00e9 a arte de n\u00e3o se fazer notar aliada ao cuidado sutil de se fazer distinguir. Feliz Natal!<\/p>\n<p><img loading=\"lazy\" decoding=\"async\" class=\"aligncenter size-full wp-image-122729\" src=\"https:\/\/diarioregionaldigital.com.br\/wp-content\/uploads\/2018\/10\/diario-pagina-05.jpg\" alt=\"\" width=\"3484\" height=\"653\" srcset=\"https:\/\/diarioregionaldigital.com.br\/wp-content\/uploads\/2018\/10\/diario-pagina-05.jpg 3484w, https:\/\/diarioregionaldigital.com.br\/wp-content\/uploads\/2018\/10\/diario-pagina-05-300x56.jpg 300w, https:\/\/diarioregionaldigital.com.br\/wp-content\/uploads\/2018\/10\/diario-pagina-05-768x144.jpg 768w, https:\/\/diarioregionaldigital.com.br\/wp-content\/uploads\/2018\/10\/diario-pagina-05-1024x192.jpg 1024w, https:\/\/diarioregionaldigital.com.br\/wp-content\/uploads\/2018\/10\/diario-pagina-05-360x67.jpg 360w\" sizes=\"auto, (max-width: 3484px) 100vw, 3484px\" \/><\/p>\n","protected":false},"excerpt":{"rendered":"<p>. . . \u00c9 Natal . . . Em momento de muitas celebra\u00e7\u00f5es, o Natal chega trazendo movimento de ponta-cabe\u00e7a \u00e0 espera de paz e luz para todos. A revolu\u00e7\u00e3o de costumes continua a desenhar perfis e sublinha a mudan\u00e7a, mas n\u00e3o perde a tradi\u00e7\u00e3o. Em fotos especiais, personagens de nosso mundinho social juntamente com [&hellip;]<\/p>\n","protected":false},"author":96,"featured_media":129024,"comment_status":"closed","ping_status":"closed","sticky":false,"template":"","format":"standard","meta":{"footnotes":""},"categories":[264],"tags":[],"class_list":["post-129032","post","type-post","status-publish","format-standard","has-post-thumbnail","hentry","category-eduardo-gomes"],"_links":{"self":[{"href":"https:\/\/diarioregionaldigital.com.br\/index.php?rest_route=\/wp\/v2\/posts\/129032","targetHints":{"allow":["GET"]}}],"collection":[{"href":"https:\/\/diarioregionaldigital.com.br\/index.php?rest_route=\/wp\/v2\/posts"}],"about":[{"href":"https:\/\/diarioregionaldigital.com.br\/index.php?rest_route=\/wp\/v2\/types\/post"}],"author":[{"embeddable":true,"href":"https:\/\/diarioregionaldigital.com.br\/index.php?rest_route=\/wp\/v2\/users\/96"}],"replies":[{"embeddable":true,"href":"https:\/\/diarioregionaldigital.com.br\/index.php?rest_route=%2Fwp%2Fv2%2Fcomments&post=129032"}],"version-history":[{"count":0,"href":"https:\/\/diarioregionaldigital.com.br\/index.php?rest_route=\/wp\/v2\/posts\/129032\/revisions"}],"wp:featuredmedia":[{"embeddable":true,"href":"https:\/\/diarioregionaldigital.com.br\/index.php?rest_route=\/wp\/v2\/media\/129024"}],"wp:attachment":[{"href":"https:\/\/diarioregionaldigital.com.br\/index.php?rest_route=%2Fwp%2Fv2%2Fmedia&parent=129032"}],"wp:term":[{"taxonomy":"category","embeddable":true,"href":"https:\/\/diarioregionaldigital.com.br\/index.php?rest_route=%2Fwp%2Fv2%2Fcategories&post=129032"},{"taxonomy":"post_tag","embeddable":true,"href":"https:\/\/diarioregionaldigital.com.br\/index.php?rest_route=%2Fwp%2Fv2%2Ftags&post=129032"}],"curies":[{"name":"wp","href":"https:\/\/api.w.org\/{rel}","templated":true}]}}