{"id":128997,"date":"2018-12-23T06:00:40","date_gmt":"2018-12-23T08:00:40","guid":{"rendered":"https:\/\/diarioregionaldigital.com.br\/?p=128997"},"modified":"2018-12-20T17:04:22","modified_gmt":"2018-12-20T19:04:22","slug":"maia-defende-que-votacao-da-reforma-da-previdencia-nao-seja-fatiada","status":"publish","type":"post","link":"https:\/\/diarioregionaldigital.com.br\/?p=128997","title":{"rendered":"Maia defende que vota\u00e7\u00e3o da reforma da Previd\u00eancia n\u00e3o seja fatiada"},"content":{"rendered":"<p>O presidente da C\u00e2mara, Rodrigo Maia, defendeu que a vota\u00e7\u00e3o da reforma da Previd\u00eancia n\u00e3o seja fatiada e afirmou que isso pode tirar a for\u00e7a do novo governo para votar outras propostas.<\/p>\n<p>\u201cO correto \u00e9 votar uma reforma, uma nova ou a que est\u00e1 colocada, mas fatiar a reforma tira for\u00e7a do governo. Vai fazer a primeira [reforma], e deixar as outras.Temos que fazer um pacto com prefeitos e governadores. Acho que todo mundo vive o mesmo problema. Aqui na Bahia o d\u00e9ficit dobra a cada ano\u201d, disse o presidente.<\/p>\n<p>Ele ressaltou a import\u00e2ncia de se fazer a reforma para dar mais justi\u00e7a ao sistema previdenci\u00e1rio brasileiro. Segundo Rodrigo Maia, atualmente, quem ganha menos banca a aposentadoria de quem ganha mais. \u201cPorque quem ganha menos, at\u00e9 um sal\u00e1rio, que representa 70% do sistema, se aposenta aos 65 anos. E, tanto no regime p\u00fablico e no regime geral, os que ganham mais se aposentam mais cedo\u201d, afirmou.<\/p>\n<p>Rodrigo Maia tamb\u00e9m afirmou que tem uma boa expectativa em rela\u00e7\u00e3o ao governo de Jair Bolsonaro. Segundo ele, ap\u00f3s uma vit\u00f3ria contundente com uma agenda de reformas, o governo pode repensar, inclusive, o pacto federativo. \u201c\u00c9 importante que se fortale\u00e7am as atribui\u00e7\u00f5es dos munic\u00edpios e dos estados, mas tamb\u00e9m que se reorganize a arrecada\u00e7\u00e3o, e que essa distribui\u00e7\u00e3o [de recursos] seja mais equilibrada\u201d, disse o presidente da C\u00e2mara.<\/p>\n<p>Fonte: Ag\u00eancia C\u00e2mara<\/p>\n","protected":false},"excerpt":{"rendered":"<p>O presidente da C\u00e2mara, Rodrigo Maia, defendeu que a vota\u00e7\u00e3o da reforma da Previd\u00eancia n\u00e3o seja fatiada e afirmou que isso pode tirar a for\u00e7a do novo governo para votar outras propostas. \u201cO correto \u00e9 votar uma reforma, uma nova ou a que est\u00e1 colocada, mas fatiar a reforma tira for\u00e7a do governo. Vai fazer [&hellip;]<\/p>\n","protected":false},"author":96,"featured_media":105072,"comment_status":"closed","ping_status":"closed","sticky":false,"template":"","format":"standard","meta":{"footnotes":""},"categories":[436,261,439],"tags":[],"class_list":["post-128997","post","type-post","status-publish","format-standard","has-post-thumbnail","hentry","category-destaque-da-semana","category-economia","category-ultima-hora"],"_links":{"self":[{"href":"https:\/\/diarioregionaldigital.com.br\/index.php?rest_route=\/wp\/v2\/posts\/128997","targetHints":{"allow":["GET"]}}],"collection":[{"href":"https:\/\/diarioregionaldigital.com.br\/index.php?rest_route=\/wp\/v2\/posts"}],"about":[{"href":"https:\/\/diarioregionaldigital.com.br\/index.php?rest_route=\/wp\/v2\/types\/post"}],"author":[{"embeddable":true,"href":"https:\/\/diarioregionaldigital.com.br\/index.php?rest_route=\/wp\/v2\/users\/96"}],"replies":[{"embeddable":true,"href":"https:\/\/diarioregionaldigital.com.br\/index.php?rest_route=%2Fwp%2Fv2%2Fcomments&post=128997"}],"version-history":[{"count":0,"href":"https:\/\/diarioregionaldigital.com.br\/index.php?rest_route=\/wp\/v2\/posts\/128997\/revisions"}],"wp:featuredmedia":[{"embeddable":true,"href":"https:\/\/diarioregionaldigital.com.br\/index.php?rest_route=\/wp\/v2\/media\/105072"}],"wp:attachment":[{"href":"https:\/\/diarioregionaldigital.com.br\/index.php?rest_route=%2Fwp%2Fv2%2Fmedia&parent=128997"}],"wp:term":[{"taxonomy":"category","embeddable":true,"href":"https:\/\/diarioregionaldigital.com.br\/index.php?rest_route=%2Fwp%2Fv2%2Fcategories&post=128997"},{"taxonomy":"post_tag","embeddable":true,"href":"https:\/\/diarioregionaldigital.com.br\/index.php?rest_route=%2Fwp%2Fv2%2Ftags&post=128997"}],"curies":[{"name":"wp","href":"https:\/\/api.w.org\/{rel}","templated":true}]}}