{"id":128991,"date":"2018-12-23T06:00:04","date_gmt":"2018-12-23T08:00:04","guid":{"rendered":"https:\/\/diarioregionaldigital.com.br\/?p=128991"},"modified":"2018-12-20T17:01:07","modified_gmt":"2018-12-20T19:01:07","slug":"em-defesa-da-liberdade","status":"publish","type":"post","link":"https:\/\/diarioregionaldigital.com.br\/?p=128991","title":{"rendered":"EM DEFESA DA LIBERDADE"},"content":{"rendered":"<p>Conhe\u00e7o Ricardo Velez Rodriguez de dois lugares que tamb\u00e9m frequento: o Conselho T\u00e9cnico da Confedera\u00e7\u00e3o Nacional do Com\u00e9rcio de Bens, Servi\u00e7os e Turismo (CNC) e a Escola de Comando e Estado-Maior do Ex\u00e9rcito, para a qual fui indicado pelo saudoso general Le\u00f4nidas Pires Gon\u00e7alves. Se posso resumir o meu sentimento, em rela\u00e7\u00e3o ao novo ministro da Educa\u00e7\u00e3o, \u00e9 de esperan\u00e7a. Ele \u00e9 um homem de vasta cultura e se souber se cercar de modo adequado tem tudo para dar certo, nessa dif\u00edcil miss\u00e3o.<\/p>\n<p>A aceita\u00e7\u00e3o do convite se deu porque o presidente eleito, Jair Bolsonaro, traduziu com coragem e simplicidade os anseios da popula\u00e7\u00e3o brasileira com a proposta de governo centrada no lema &#8220;Mais Brasil, menos Bras\u00edlia&#8221;. Para tornar realidade esse objetivo, no \u00e2mbito do Minist\u00e9rio da Educa\u00e7\u00e3o, \u00e9 preciso recolocar o sistema de ensino b\u00e1sico e fundamental a servi\u00e7o das pessoas e n\u00e3o como op\u00e7\u00e3o burocr\u00e1tica, como ocorre atualmente. Como professor e intelectual que pensa nos paradoxos estrat\u00e9gicos do Brasil, na sua vis\u00e3o, \u00e9 necess\u00e1rio o enquadramento do MEC no contexto da valoriza\u00e7\u00e3o da educa\u00e7\u00e3o para a vida e para a cidadania a partir dos munic\u00edpios.<\/p>\n<p>Ele aposta que a municipaliza\u00e7\u00e3o se traduza na formula\u00e7\u00e3o de leis que tornem exequ\u00edveis as fun\u00e7\u00f5es docentes, e as inst\u00e2ncias federal e estaduais entrem apenas como auxiliadoras dos munic\u00edpios, nos casos em que ocorrerem car\u00eancia de recursos. Abordando outro aspecto dessa proposta, a Uni\u00e3o e estados atuariam como integrantes das pol\u00edticas que, efetivadas de baixo para cima, seriam a verdadeira face educa\u00e7\u00e3o brasileira, sem nenhum resqu\u00edcio de solu\u00e7\u00f5es extravagantes ou delirantes, pensadas nos gabinetes do Executivo. Ao contr\u00e1rio, a partir de agora, as ideias vir\u00e3o das realidades dos conglomerados urbanos onde os cidad\u00e3os vivem.<\/p>\n<p>Ricardo V\u00e9lez Rodr\u00edguez pretende, dentro de sua gest\u00e3o no MEC, preservar os valores morais ligados \u00e0 preserva\u00e7\u00e3o da fam\u00edlia e do humanismo. Para ele, a sociedade brasileira \u00e9 conservadora e n\u00e3o concorda com as tentativas de implanta\u00e7\u00e3o de projetos que procuram incutir experi\u00eancias que desrespeitam os valores tradicionais. Adepto do conceito da Escola sem Partido, ele se coloca contra todo e qualquer tipo de discrimina\u00e7\u00e3o e tamb\u00e9m n\u00e3o concorda com a instrumentaliza\u00e7\u00e3o da educa\u00e7\u00e3o com finalidade pol\u00edtico-partid\u00e1ria. A educa\u00e7\u00e3o deve olhar para as pessoas, mantendo princ\u00edpios e sua liberdade. S\u00f3 assim opa\u00eds poder\u00e1revertero quadro negativo de desvaloriza\u00e7\u00e3o dos professores, notadamente no ensino fundamental e m\u00e9dio.<\/p>\n<p>O futuro ministro discorda da discuss\u00e3o sobre quest\u00f5es de g\u00eanero em sala de aula, achando que se trata de um debate abstrato. Ao mesmo tempo, garante que a universidade p\u00fablica vai permanecer p\u00fablica, mas vai lutar por uma gest\u00e3o eficiente, j\u00e1 que ela \u00e9 mais cara do que a universidade particular. Os col\u00e9gios militares ser\u00e3o sempre bem-vistos como bons exemplos para as demais institui\u00e7\u00f5es de ensino, mas n\u00e3o para que virem col\u00e9gio militar. Sobre o ensino m\u00e9dio, ele defende que os alunos j\u00e1 saiam prontos para entrar no mercado de trabalho.<\/p>\n<p>Por enquanto, n\u00e3o se sabe ainda como ser\u00e1 a estrutura do MEC. Fala-se em unifica\u00e7\u00e3o de Educa\u00e7\u00e3o com Cultura e Esportes, e ainda numa poss\u00edvel gest\u00e3o do ensino superior pelo Minist\u00e9rio de Ci\u00eancia e Tecnologia. Mas de uma coisa podemos ter certeza: o novo ministro quer mudan\u00e7as na elabora\u00e7\u00e3o do Enem (Exame Nacional do Ensino M\u00e9dio). Ele acha que a prova precisa avaliar realmente os conhecimentos e evitar doutrina\u00e7\u00e3o, n\u00e3o obrigando os alunos a assumir determinadas posi\u00e7\u00f5es pol\u00edticas. Agora, \u00e9 esperar a posse e torcer por uma boa gest\u00e3o. Boa sorte!<\/p>\n<p>&nbsp;<\/p>\n<p>&nbsp;<\/p>\n<p>&nbsp;<\/p>\n","protected":false},"excerpt":{"rendered":"<p>Conhe\u00e7o Ricardo Velez Rodriguez de dois lugares que tamb\u00e9m frequento: o Conselho T\u00e9cnico da Confedera\u00e7\u00e3o Nacional do Com\u00e9rcio de Bens, Servi\u00e7os e Turismo (CNC) e a Escola de Comando e Estado-Maior do Ex\u00e9rcito, para a qual fui indicado pelo saudoso general Le\u00f4nidas Pires Gon\u00e7alves. Se posso resumir o meu sentimento, em rela\u00e7\u00e3o ao novo ministro [&hellip;]<\/p>\n","protected":false},"author":96,"featured_media":96753,"comment_status":"closed","ping_status":"closed","sticky":false,"template":"","format":"standard","meta":{"footnotes":""},"categories":[275,435],"tags":[],"class_list":["post-128991","post","type-post","status-publish","format-standard","has-post-thumbnail","hentry","category-arnaldo-niskier","category-colunas"],"_links":{"self":[{"href":"https:\/\/diarioregionaldigital.com.br\/index.php?rest_route=\/wp\/v2\/posts\/128991","targetHints":{"allow":["GET"]}}],"collection":[{"href":"https:\/\/diarioregionaldigital.com.br\/index.php?rest_route=\/wp\/v2\/posts"}],"about":[{"href":"https:\/\/diarioregionaldigital.com.br\/index.php?rest_route=\/wp\/v2\/types\/post"}],"author":[{"embeddable":true,"href":"https:\/\/diarioregionaldigital.com.br\/index.php?rest_route=\/wp\/v2\/users\/96"}],"replies":[{"embeddable":true,"href":"https:\/\/diarioregionaldigital.com.br\/index.php?rest_route=%2Fwp%2Fv2%2Fcomments&post=128991"}],"version-history":[{"count":0,"href":"https:\/\/diarioregionaldigital.com.br\/index.php?rest_route=\/wp\/v2\/posts\/128991\/revisions"}],"wp:featuredmedia":[{"embeddable":true,"href":"https:\/\/diarioregionaldigital.com.br\/index.php?rest_route=\/wp\/v2\/media\/96753"}],"wp:attachment":[{"href":"https:\/\/diarioregionaldigital.com.br\/index.php?rest_route=%2Fwp%2Fv2%2Fmedia&parent=128991"}],"wp:term":[{"taxonomy":"category","embeddable":true,"href":"https:\/\/diarioregionaldigital.com.br\/index.php?rest_route=%2Fwp%2Fv2%2Fcategories&post=128991"},{"taxonomy":"post_tag","embeddable":true,"href":"https:\/\/diarioregionaldigital.com.br\/index.php?rest_route=%2Fwp%2Fv2%2Ftags&post=128991"}],"curies":[{"name":"wp","href":"https:\/\/api.w.org\/{rel}","templated":true}]}}