{"id":128990,"date":"2018-12-23T06:00:00","date_gmt":"2018-12-23T08:00:00","guid":{"rendered":"https:\/\/diarioregionaldigital.com.br\/?p=128990"},"modified":"2018-12-20T17:02:38","modified_gmt":"2018-12-20T19:02:38","slug":"aposentados-e-pensionistas-do-inss-ja-podem-consultar-calendario-de-pagamento-de-2019","status":"publish","type":"post","link":"https:\/\/diarioregionaldigital.com.br\/?p=128990","title":{"rendered":"Aposentados e pensionistas do INSS j\u00e1 podem consultar calend\u00e1rio de pagamento de 2019"},"content":{"rendered":"<p>Os segurados da Previd\u00eancia Social j\u00e1 podem consultar as datas de pagamento de benef\u00edcios de 2019. O novo calend\u00e1rio foi divulgado pelo Instituto Nacional do Seguro Social (INSS) e j\u00e1 est\u00e1 dispon\u00edvel no portal do INSS na internet, no endere\u00e7o\u00a0(www.previdencia.gov.br).<\/p>\n<p>Os dep\u00f3sitos seguir\u00e3o a mesma sistem\u00e1tica de anos anteriores. Os segurados que ganham at\u00e9 o piso previdenci\u00e1rio (sal\u00e1rio m\u00ednimo) come\u00e7am a receber nos \u00faltimos cinco dias \u00fateis do m\u00eas. E, nos primeiros cinco dias \u00fateis do m\u00eas que se inicia, come\u00e7a o pagamento para quem recebe acima do piso. Quando a data cair em feriados ou fins de semana, o dep\u00f3sito do benef\u00edcio \u00e9 transferido para o dia \u00fatil seguinte.<\/p>\n<p>Em janeiro de 2019, a folha come\u00e7a a ser paga no dia 25 e ser\u00e1 finalizada em 7 de fevereiro. Para saber o dia de pagamento, os benefici\u00e1rios devem observar o \u00faltimo n\u00famero do seu cart\u00e3o de benef\u00edcio, excluindo-se o d\u00edgito.<\/p>\n<p>&nbsp;<\/p>\n<p>&nbsp;<\/p>\n","protected":false},"excerpt":{"rendered":"<p>Os segurados da Previd\u00eancia Social j\u00e1 podem consultar as datas de pagamento de benef\u00edcios de 2019. O novo calend\u00e1rio foi divulgado pelo Instituto Nacional do Seguro Social (INSS) e j\u00e1 est\u00e1 dispon\u00edvel no portal do INSS na internet, no endere\u00e7o\u00a0(www.previdencia.gov.br). Os dep\u00f3sitos seguir\u00e3o a mesma sistem\u00e1tica de anos anteriores. Os segurados que ganham at\u00e9 o [&hellip;]<\/p>\n","protected":false},"author":96,"featured_media":128994,"comment_status":"closed","ping_status":"closed","sticky":false,"template":"","format":"standard","meta":{"footnotes":""},"categories":[436,261,439],"tags":[],"class_list":["post-128990","post","type-post","status-publish","format-standard","has-post-thumbnail","hentry","category-destaque-da-semana","category-economia","category-ultima-hora"],"_links":{"self":[{"href":"https:\/\/diarioregionaldigital.com.br\/index.php?rest_route=\/wp\/v2\/posts\/128990","targetHints":{"allow":["GET"]}}],"collection":[{"href":"https:\/\/diarioregionaldigital.com.br\/index.php?rest_route=\/wp\/v2\/posts"}],"about":[{"href":"https:\/\/diarioregionaldigital.com.br\/index.php?rest_route=\/wp\/v2\/types\/post"}],"author":[{"embeddable":true,"href":"https:\/\/diarioregionaldigital.com.br\/index.php?rest_route=\/wp\/v2\/users\/96"}],"replies":[{"embeddable":true,"href":"https:\/\/diarioregionaldigital.com.br\/index.php?rest_route=%2Fwp%2Fv2%2Fcomments&post=128990"}],"version-history":[{"count":0,"href":"https:\/\/diarioregionaldigital.com.br\/index.php?rest_route=\/wp\/v2\/posts\/128990\/revisions"}],"wp:featuredmedia":[{"embeddable":true,"href":"https:\/\/diarioregionaldigital.com.br\/index.php?rest_route=\/wp\/v2\/media\/128994"}],"wp:attachment":[{"href":"https:\/\/diarioregionaldigital.com.br\/index.php?rest_route=%2Fwp%2Fv2%2Fmedia&parent=128990"}],"wp:term":[{"taxonomy":"category","embeddable":true,"href":"https:\/\/diarioregionaldigital.com.br\/index.php?rest_route=%2Fwp%2Fv2%2Fcategories&post=128990"},{"taxonomy":"post_tag","embeddable":true,"href":"https:\/\/diarioregionaldigital.com.br\/index.php?rest_route=%2Fwp%2Fv2%2Ftags&post=128990"}],"curies":[{"name":"wp","href":"https:\/\/api.w.org\/{rel}","templated":true}]}}