{"id":128983,"date":"2018-12-23T05:58:29","date_gmt":"2018-12-23T07:58:29","guid":{"rendered":"https:\/\/diarioregionaldigital.com.br\/?p=128983"},"modified":"2018-12-20T16:59:36","modified_gmt":"2018-12-20T18:59:36","slug":"ufjf-adquire-primeiro-predio-proprio-em-governador-valadares-2","status":"publish","type":"post","link":"https:\/\/diarioregionaldigital.com.br\/?p=128983","title":{"rendered":"UFJF adquire primeiro pr\u00e9dio pr\u00f3prio em Governador Valadares"},"content":{"rendered":"<p>A Universidade Federal de Juiz de Fora (UFJF) adquiriu seu primeiro pr\u00e9dio pr\u00f3prio na cidade de Governador Valadares. O pagamento integral da compra foi realizado na \u00faltima semana. O im\u00f3vel onde funcionava a Faculdade de Administra\u00e7\u00e3o de Governador Valadares (FAGV) foi comprado por R$9,5 milh\u00f5es.<\/p>\n<p>O pr\u00e9dio foi adquirido em ju\u00edzo, ap\u00f3s uma negocia\u00e7\u00e3o entre a Procuradoria da UFJF, a Procuradoria Seccional Federal em Governador Valadares da Advocacia Geral da Uni\u00e3o (AGU) e a Procuradoria-Geral da Fazenda Nacional. A expectativa \u00e9 que a carta de libera\u00e7\u00e3o do im\u00f3vel seja expedida pela Justi\u00e7a em 30 dias.<\/p>\n<p>\u201cAdquirimos o pr\u00e9dio com condi\u00e7\u00e3o de uso imediato. Dessa forma, esperamos iniciar o primeiro semestre de 2019 usando o novo espa\u00e7o\u201d, considera o reitor, Marcus Vinicius David. Como a estrutura pertencia a uma faculdade, ser\u00e3o somente necess\u00e1rias pequenas adapta\u00e7\u00f5es.<\/p>\n<p>O pr\u00e9dio da antiga FAGV fica localizado no bairro Vila Bretas. At\u00e9 fevereiro de 2018, o local abrigou setores administrativos do campus avan\u00e7ado, incluindo uma das unidades da biblioteca. O edif\u00edcio tem tr\u00eas andares e um subsolo com cerca de 20 salas de aulas, al\u00e9m de espa\u00e7os administrativos.<\/p>\n<p>A compra do im\u00f3vel foi aprovada por unanimidade pelo Conselho Superior da UFJF em agosto de 2018. A aquisi\u00e7\u00e3o estava condicionada ao pagamento integral do pr\u00e9dio, portanto a libera\u00e7\u00e3o de R$5 milh\u00f5es pelo Minist\u00e9rio da Educa\u00e7\u00e3o (MEC) e de R$4,5 milh\u00f5es decorrentes de receita da pr\u00f3pria institui\u00e7\u00e3o foram providenciais para a negocia\u00e7\u00e3o.<\/p>\n<p>\u201cEste \u00e9 um momento de muita comemora\u00e7\u00e3o, especialmente para a comunidade acad\u00eamica em Governador Valadares. Uma \u00f3tima not\u00edcia de fim de ano e um sinal de que a UFJF finca o p\u00e9 em Governador Valadares, que merece ter uma universidade gratuita e de qualidade\u201d, finaliza Marcus David.<\/p>\n<p>&nbsp;<\/p>\n<p>Fonte: Assessoria<\/p>\n","protected":false},"excerpt":{"rendered":"<p>A Universidade Federal de Juiz de Fora (UFJF) adquiriu seu primeiro pr\u00e9dio pr\u00f3prio na cidade de Governador Valadares. O pagamento integral da compra foi realizado na \u00faltima semana. O im\u00f3vel onde funcionava a Faculdade de Administra\u00e7\u00e3o de Governador Valadares (FAGV) foi comprado por R$9,5 milh\u00f5es. O pr\u00e9dio foi adquirido em ju\u00edzo, ap\u00f3s uma negocia\u00e7\u00e3o entre [&hellip;]<\/p>\n","protected":false},"author":96,"featured_media":128988,"comment_status":"closed","ping_status":"closed","sticky":false,"template":"","format":"standard","meta":{"footnotes":""},"categories":[253,436,440,439],"tags":[],"class_list":["post-128983","post","type-post","status-publish","format-standard","has-post-thumbnail","hentry","category-cidade","category-destaque-da-semana","category-destaques-do-dia","category-ultima-hora"],"_links":{"self":[{"href":"https:\/\/diarioregionaldigital.com.br\/index.php?rest_route=\/wp\/v2\/posts\/128983","targetHints":{"allow":["GET"]}}],"collection":[{"href":"https:\/\/diarioregionaldigital.com.br\/index.php?rest_route=\/wp\/v2\/posts"}],"about":[{"href":"https:\/\/diarioregionaldigital.com.br\/index.php?rest_route=\/wp\/v2\/types\/post"}],"author":[{"embeddable":true,"href":"https:\/\/diarioregionaldigital.com.br\/index.php?rest_route=\/wp\/v2\/users\/96"}],"replies":[{"embeddable":true,"href":"https:\/\/diarioregionaldigital.com.br\/index.php?rest_route=%2Fwp%2Fv2%2Fcomments&post=128983"}],"version-history":[{"count":0,"href":"https:\/\/diarioregionaldigital.com.br\/index.php?rest_route=\/wp\/v2\/posts\/128983\/revisions"}],"wp:featuredmedia":[{"embeddable":true,"href":"https:\/\/diarioregionaldigital.com.br\/index.php?rest_route=\/wp\/v2\/media\/128988"}],"wp:attachment":[{"href":"https:\/\/diarioregionaldigital.com.br\/index.php?rest_route=%2Fwp%2Fv2%2Fmedia&parent=128983"}],"wp:term":[{"taxonomy":"category","embeddable":true,"href":"https:\/\/diarioregionaldigital.com.br\/index.php?rest_route=%2Fwp%2Fv2%2Fcategories&post=128983"},{"taxonomy":"post_tag","embeddable":true,"href":"https:\/\/diarioregionaldigital.com.br\/index.php?rest_route=%2Fwp%2Fv2%2Ftags&post=128983"}],"curies":[{"name":"wp","href":"https:\/\/api.w.org\/{rel}","templated":true}]}}