{"id":128976,"date":"2018-12-20T15:45:33","date_gmt":"2018-12-20T17:45:33","guid":{"rendered":"https:\/\/diarioregionaldigital.com.br\/?p=128976"},"modified":"2018-12-20T15:45:33","modified_gmt":"2018-12-20T17:45:33","slug":"receita-espera-reduzir-tempo-gasto-por-empresas-para-pagar-impostos","status":"publish","type":"post","link":"https:\/\/diarioregionaldigital.com.br\/?p=128976","title":{"rendered":"Receita espera reduzir tempo gasto por empresas para pagar impostos"},"content":{"rendered":"<p>As empresas v\u00e3o gastar menos tempo com o pagamento de impostos, ap\u00f3s a conclus\u00e3o da implanta\u00e7\u00e3o do eSocial e do Sistema P\u00fablico de Escritura\u00e7\u00e3o Digital (Sped). A expectativa da Receita Federal \u00e9 que o tempo m\u00e9dio gasto pelas empresas para pagar os impostos caia para 240 horas por ano, em 2019.<\/p>\n<p>Segundo balan\u00e7o das medidas de simplifica\u00e7\u00e3o tribut\u00e1ria, divulgado nesta quinta-feira, 20, pela Receita, dados da Federa\u00e7\u00e3o Nacional das Empresas de Servi\u00e7os Cont\u00e1beis (Fenacon), mostram que as empresas gastam, em m\u00e9dia, 474 horas por ano com a burocracia para pagar os impostos.<\/p>\n<p>O eSocial \u00e9 um sistema que unifica todas as obriga\u00e7\u00f5es fiscais, trabalhistas e previdenci\u00e1rias de empresas e empregadores do pa\u00eds. Quando totalmente implementado, o eSocial representar\u00e1 a substitui\u00e7\u00e3o de at\u00e9 15 presta\u00e7\u00f5es de informa\u00e7\u00f5es ao governo por apenas uma. A implementa\u00e7\u00e3o foi dividida em quatro etapas, com conclus\u00e3o para as empresas privadas, em 2019. Em 2020, o eSocial ser\u00e1 implantado no servi\u00e7o p\u00fablico.<\/p>\n<p>Criado em 2007, o Sped consiste na digitaliza\u00e7\u00e3o e simplifica\u00e7\u00e3o de documentos enviados pelos contribuintes relacionados a informa\u00e7\u00f5es cont\u00e1beis, fiscais e previdenci\u00e1rias.<\/p>\n<p>De acordo com a Receita, desde a cria\u00e7\u00e3o do Sped, no \u00e2mbito federal j\u00e1 foi poss\u00edvel eliminar dezenas de declara\u00e7\u00f5es e livros fiscais que anteriormente eram exigidos dos contribuintes de maneira individualizada.<\/p>\n<p>O balan\u00e7o apresentado pela Receita diz que isso ocorre tamb\u00e9m nos estados: &#8220;o ano de 2018 marcou a entrada de Pernambuco e do Distrito Federal no Sped relativo \u00e0 escritura\u00e7\u00e3o do ICMS\/IPI [Imposto sobre Circula\u00e7\u00e3o de Mercadorias e Servi\u00e7os Imposto sobre Produtos Industrializadas], fazendo com que o sistema agora abranja a totalidade das 27 unidades da Federa\u00e7\u00e3o\u201d.<\/p>\n<p>Fonte: Ag\u00eancia Brasil<\/p>\n","protected":false},"excerpt":{"rendered":"<p>As empresas v\u00e3o gastar menos tempo com o pagamento de impostos, ap\u00f3s a conclus\u00e3o da implanta\u00e7\u00e3o do eSocial e do Sistema P\u00fablico de Escritura\u00e7\u00e3o Digital (Sped). A expectativa da Receita Federal \u00e9 que o tempo m\u00e9dio gasto pelas empresas para pagar os impostos caia para 240 horas por ano, em 2019. Segundo balan\u00e7o das medidas [&hellip;]<\/p>\n","protected":false},"author":96,"featured_media":128977,"comment_status":"closed","ping_status":"closed","sticky":false,"template":"","format":"standard","meta":{"footnotes":""},"categories":[436,261,439],"tags":[],"class_list":["post-128976","post","type-post","status-publish","format-standard","has-post-thumbnail","hentry","category-destaque-da-semana","category-economia","category-ultima-hora"],"_links":{"self":[{"href":"https:\/\/diarioregionaldigital.com.br\/index.php?rest_route=\/wp\/v2\/posts\/128976","targetHints":{"allow":["GET"]}}],"collection":[{"href":"https:\/\/diarioregionaldigital.com.br\/index.php?rest_route=\/wp\/v2\/posts"}],"about":[{"href":"https:\/\/diarioregionaldigital.com.br\/index.php?rest_route=\/wp\/v2\/types\/post"}],"author":[{"embeddable":true,"href":"https:\/\/diarioregionaldigital.com.br\/index.php?rest_route=\/wp\/v2\/users\/96"}],"replies":[{"embeddable":true,"href":"https:\/\/diarioregionaldigital.com.br\/index.php?rest_route=%2Fwp%2Fv2%2Fcomments&post=128976"}],"version-history":[{"count":0,"href":"https:\/\/diarioregionaldigital.com.br\/index.php?rest_route=\/wp\/v2\/posts\/128976\/revisions"}],"wp:featuredmedia":[{"embeddable":true,"href":"https:\/\/diarioregionaldigital.com.br\/index.php?rest_route=\/wp\/v2\/media\/128977"}],"wp:attachment":[{"href":"https:\/\/diarioregionaldigital.com.br\/index.php?rest_route=%2Fwp%2Fv2%2Fmedia&parent=128976"}],"wp:term":[{"taxonomy":"category","embeddable":true,"href":"https:\/\/diarioregionaldigital.com.br\/index.php?rest_route=%2Fwp%2Fv2%2Fcategories&post=128976"},{"taxonomy":"post_tag","embeddable":true,"href":"https:\/\/diarioregionaldigital.com.br\/index.php?rest_route=%2Fwp%2Fv2%2Ftags&post=128976"}],"curies":[{"name":"wp","href":"https:\/\/api.w.org\/{rel}","templated":true}]}}