{"id":128971,"date":"2018-12-20T15:34:59","date_gmt":"2018-12-20T17:34:59","guid":{"rendered":"https:\/\/diarioregionaldigital.com.br\/?p=128971"},"modified":"2018-12-20T15:34:59","modified_gmt":"2018-12-20T17:34:59","slug":"bc-avalia-tendencia-de-inflacao-para-definir-selic-diz-goldfajn","status":"publish","type":"post","link":"https:\/\/diarioregionaldigital.com.br\/?p=128971","title":{"rendered":"BC avalia tend\u00eancia de infla\u00e7\u00e3o para definir Selic, diz Goldfajn"},"content":{"rendered":"<p>O presidente do Banco Central (BC), Ilan Goldfajn, disse\u00a0hoje, 20, que o Comit\u00ea de Pol\u00edtica Monet\u00e1ria (Copom), respons\u00e1vel por definir a taxa b\u00e1sica de juros, a Selic, olha a tend\u00eancia para a infla\u00e7\u00e3o e n\u00e3o a situa\u00e7\u00e3o de curto prazo, que pode mudar muito rapidamente.<\/p>\n<p>Ele destacou que a retirada da frase que indicava a possibilidade de eleva\u00e7\u00e3o gradual da Selic em comunicados do BC n\u00e3o foi um acidente ou esquecimento do Copom.<\/p>\n<p>Segundo Goldfajn, o risco de infla\u00e7\u00e3o abaixo do esperado aumentou, devido \u00e0 ociosidade da economia. Ele acrescentou que, por outro lado, h\u00e1 riscos de aumento da infla\u00e7\u00e3o relacionados \u00e0 frustra\u00e7\u00e3o das expectativas de reformas na economia brasileira e \u00e0 possibilidade de deteriora\u00e7\u00e3o do cen\u00e1rio externo para economias emergentes. Entretanto, ele citou que houve um \u201carrefecimento\u201d do risco de n\u00e3o serem feitas reformas, como a da Previd\u00eancia, porque o futuro governo tem \u201cmandado sinais positivos sobre a vontade de fazer as reformas\u201d.<\/p>\n<p>Para o Copom, apesar disso, os riscos de alta da infla\u00e7\u00e3o permanecem relevantes e seguem com maior peso na an\u00e1lise de cern\u00e1rios. Por isso, Goldfajn considera que, apesar de menos intensa, permanece a assimetria no balan\u00e7o de riscos para a infla\u00e7\u00e3o.<\/p>\n<p>Questionado se h\u00e1 espa\u00e7o para queda da taxa Selic, atualmente, em 6,5% ao ano, Goldfajn disse que o BC precisa continuar a\u00a0ter\u00a0\u201ccautela, perseveran\u00e7a e serenidade\u201d em um cen\u00e1rio vol\u00e1til.<\/p>\n<h2>D\u00f3lar<\/h2>\n<p>Goldfajn disse ainda que as atuais interven\u00e7\u00f5es do BC no mercado cambial s\u00e3o uma rea\u00e7\u00e3o ao \u201cfluxos sazonais de finais de ano\u201d, com aumento de remessas de lucros e dividendos de empresas no Brasil para o exterior. \u201cO ano foi lucrativo para as empresas. \u00c9 uma mais uma quest\u00e3o sazonal para dar liquidez em momentos em que h\u00e1 uma press\u00e3o maior por quest\u00e3o de remessas\u201d, disse em entrevista para divulgar\u00a0o <em>Relat\u00f3rio de Infla\u00e7\u00e3o<\/em> do quarto trimestre.<\/p>\n<p>Fonte: Ag\u00eancia Brasil<\/p>\n","protected":false},"excerpt":{"rendered":"<p>O presidente do Banco Central (BC), Ilan Goldfajn, disse\u00a0hoje, 20, que o Comit\u00ea de Pol\u00edtica Monet\u00e1ria (Copom), respons\u00e1vel por definir a taxa b\u00e1sica de juros, a Selic, olha a tend\u00eancia para a infla\u00e7\u00e3o e n\u00e3o a situa\u00e7\u00e3o de curto prazo, que pode mudar muito rapidamente. Ele destacou que a retirada da frase que indicava a [&hellip;]<\/p>\n","protected":false},"author":96,"featured_media":128972,"comment_status":"closed","ping_status":"closed","sticky":false,"template":"","format":"standard","meta":{"footnotes":""},"categories":[436,254,439],"tags":[],"class_list":["post-128971","post","type-post","status-publish","format-standard","has-post-thumbnail","hentry","category-destaque-da-semana","category-politica","category-ultima-hora"],"_links":{"self":[{"href":"https:\/\/diarioregionaldigital.com.br\/index.php?rest_route=\/wp\/v2\/posts\/128971","targetHints":{"allow":["GET"]}}],"collection":[{"href":"https:\/\/diarioregionaldigital.com.br\/index.php?rest_route=\/wp\/v2\/posts"}],"about":[{"href":"https:\/\/diarioregionaldigital.com.br\/index.php?rest_route=\/wp\/v2\/types\/post"}],"author":[{"embeddable":true,"href":"https:\/\/diarioregionaldigital.com.br\/index.php?rest_route=\/wp\/v2\/users\/96"}],"replies":[{"embeddable":true,"href":"https:\/\/diarioregionaldigital.com.br\/index.php?rest_route=%2Fwp%2Fv2%2Fcomments&post=128971"}],"version-history":[{"count":0,"href":"https:\/\/diarioregionaldigital.com.br\/index.php?rest_route=\/wp\/v2\/posts\/128971\/revisions"}],"wp:featuredmedia":[{"embeddable":true,"href":"https:\/\/diarioregionaldigital.com.br\/index.php?rest_route=\/wp\/v2\/media\/128972"}],"wp:attachment":[{"href":"https:\/\/diarioregionaldigital.com.br\/index.php?rest_route=%2Fwp%2Fv2%2Fmedia&parent=128971"}],"wp:term":[{"taxonomy":"category","embeddable":true,"href":"https:\/\/diarioregionaldigital.com.br\/index.php?rest_route=%2Fwp%2Fv2%2Fcategories&post=128971"},{"taxonomy":"post_tag","embeddable":true,"href":"https:\/\/diarioregionaldigital.com.br\/index.php?rest_route=%2Fwp%2Fv2%2Ftags&post=128971"}],"curies":[{"name":"wp","href":"https:\/\/api.w.org\/{rel}","templated":true}]}}