{"id":128966,"date":"2018-12-20T15:22:21","date_gmt":"2018-12-20T17:22:21","guid":{"rendered":"https:\/\/diarioregionaldigital.com.br\/?p=128966"},"modified":"2018-12-20T15:22:21","modified_gmt":"2018-12-20T17:22:21","slug":"settra-disponibiliza-horario-especial-de-onibus-para-o-natal","status":"publish","type":"post","link":"https:\/\/diarioregionaldigital.com.br\/?p=128966","title":{"rendered":"Settra disponibiliza hor\u00e1rio especial de \u00f4nibus para o Natal"},"content":{"rendered":"<p>A Secretaria de Transporte e Tr\u00e2nsito (Settra) da Prefeitura de Juiz de Fora (PJF) disponibilizar\u00e1 viagens extras em 20 linhas de \u00f4nibus, em fun\u00e7\u00e3o da extens\u00e3o do hor\u00e1rio de funcionamento do com\u00e9rcio para as vendas de Natal. O atendimento especial ser\u00e1 entre os dias 21 e 23. Confira as linhas beneficiadas:<\/p>\n<p><b>106 \u2013<\/b> Parque Independ\u00eancia\/Jardim Ga\u00facho; <b>113 \u2013<\/b> Vila Montanhesa \/Jardim Ga\u00facho; <b>118 \u2013<\/b> Parque Independ\u00eancia\/Cidade Nova\/Vale Verde; <b>120 \u2013<\/b> Vista Alegre\/Santa Luzia; <b>130 \u2013<\/b> Bandeirantes \/Alto S\u00e3o Geraldo; <b>132 \u2013<\/b> Bandeirantes \/Ipiranga; <b>134 \u2013<\/b> Bandeirantes \/Santa Efig\u00eania; <b>135 \u2013<\/b> Parque Guarani \/Sagrado Cora\u00e7\u00e3o de Jesus; <b>141 \u2013<\/b> Bandeirantes \/ Bela Aurora; <b>215 \u2013<\/b> Bairu \/ Cruzeiro do Sul;<b>302 \u2013<\/b> Floresta; <b>405 \u2013<\/b> Santa Rita; <b>432 \u2013<\/b> S\u00e3o Benedito; <b>534 \u2013<\/b> Santos Dumont; <b>541 \u2013<\/b>S\u00e3o Pedro; <b>560 \u2013<\/b> Avenida Pres. Itamar Franco; <b>715 \u2013<\/b> Vila Esperan\u00e7a I; <b>726 \u2013<\/b>Igrejinha; <b>733 \u2013<\/b> Santa Cruz \/ S\u00e3o Dami\u00e3o; <b>741 \u2013<\/b> Valadares.<\/p>\n<p>Os dias e hor\u00e1rios de atendimento extra podem ser conferidos em anexo.<\/p>\n<p><b>Opera\u00e7\u00e3o Natal<\/b><\/p>\n<p>A Settra continua com opera\u00e7\u00f5es de fiscaliza\u00e7\u00e3o do tr\u00e2nsito neste m\u00eas. Agentes do Departamento de Fiscaliza\u00e7\u00e3o de Transporte e Tr\u00e2nsito (DFTT) estar\u00e3o em cruzamentos da cidade de forma ostensiva. O objetivo \u00e9 aumentar a seguran\u00e7a no tr\u00e2nsito, coibindo infra\u00e7\u00f5es que geram riscos de acidentes.<\/p>\n<p>Fonte: Assessoria PJF<\/p>\n","protected":false},"excerpt":{"rendered":"<p>A Secretaria de Transporte e Tr\u00e2nsito (Settra) da Prefeitura de Juiz de Fora (PJF) disponibilizar\u00e1 viagens extras em 20 linhas de \u00f4nibus, em fun\u00e7\u00e3o da extens\u00e3o do hor\u00e1rio de funcionamento do com\u00e9rcio para as vendas de Natal. O atendimento especial ser\u00e1 entre os dias 21 e 23. Confira as linhas beneficiadas: 106 \u2013 Parque Independ\u00eancia\/Jardim [&hellip;]<\/p>\n","protected":false},"author":96,"featured_media":128967,"comment_status":"closed","ping_status":"closed","sticky":false,"template":"","format":"standard","meta":{"footnotes":""},"categories":[253,436,439],"tags":[],"class_list":["post-128966","post","type-post","status-publish","format-standard","has-post-thumbnail","hentry","category-cidade","category-destaque-da-semana","category-ultima-hora"],"_links":{"self":[{"href":"https:\/\/diarioregionaldigital.com.br\/index.php?rest_route=\/wp\/v2\/posts\/128966","targetHints":{"allow":["GET"]}}],"collection":[{"href":"https:\/\/diarioregionaldigital.com.br\/index.php?rest_route=\/wp\/v2\/posts"}],"about":[{"href":"https:\/\/diarioregionaldigital.com.br\/index.php?rest_route=\/wp\/v2\/types\/post"}],"author":[{"embeddable":true,"href":"https:\/\/diarioregionaldigital.com.br\/index.php?rest_route=\/wp\/v2\/users\/96"}],"replies":[{"embeddable":true,"href":"https:\/\/diarioregionaldigital.com.br\/index.php?rest_route=%2Fwp%2Fv2%2Fcomments&post=128966"}],"version-history":[{"count":0,"href":"https:\/\/diarioregionaldigital.com.br\/index.php?rest_route=\/wp\/v2\/posts\/128966\/revisions"}],"wp:featuredmedia":[{"embeddable":true,"href":"https:\/\/diarioregionaldigital.com.br\/index.php?rest_route=\/wp\/v2\/media\/128967"}],"wp:attachment":[{"href":"https:\/\/diarioregionaldigital.com.br\/index.php?rest_route=%2Fwp%2Fv2%2Fmedia&parent=128966"}],"wp:term":[{"taxonomy":"category","embeddable":true,"href":"https:\/\/diarioregionaldigital.com.br\/index.php?rest_route=%2Fwp%2Fv2%2Fcategories&post=128966"},{"taxonomy":"post_tag","embeddable":true,"href":"https:\/\/diarioregionaldigital.com.br\/index.php?rest_route=%2Fwp%2Fv2%2Ftags&post=128966"}],"curies":[{"name":"wp","href":"https:\/\/api.w.org\/{rel}","templated":true}]}}