{"id":128956,"date":"2018-12-20T14:44:48","date_gmt":"2018-12-20T16:44:48","guid":{"rendered":"https:\/\/diarioregionaldigital.com.br\/?p=128956"},"modified":"2018-12-20T14:44:48","modified_gmt":"2018-12-20T16:44:48","slug":"beneficiario-do-bpc-sem-inscricao-no-cadastro-unico-tera-auxilio-suspenso","status":"publish","type":"post","link":"https:\/\/diarioregionaldigital.com.br\/?p=128956","title":{"rendered":"Benefici\u00e1rio do BPC sem inscri\u00e7\u00e3o no Cadastro \u00danico ter\u00e1 aux\u00edlio suspenso"},"content":{"rendered":"<p>Brasileiros que n\u00e3o estiverem no Cadastro \u00danico podem perder o Benef\u00edcio de Presta\u00e7\u00e3o Continuada (BPC). Isso porque uma portaria do Minist\u00e9rio do Desenvolvimento Social, publicada na quarta-feira, 19, traz novas regras. Para continuar no programa, \u00e9 preciso fazer o cadastro at\u00e9 o pr\u00f3ximo dia 31. Depois dessa data, haver\u00e1 um cronograma para inscri\u00e7\u00e3o de acordo com a data de anivers\u00e1rio de cada pessoa.<\/p>\n<p>Para os nascidos nos primeiros tr\u00eas meses do ano, as inscri\u00e7\u00f5es v\u00e3o at\u00e9 31 de mar\u00e7o de 2019. Os que nasceram entre abril e junho ter\u00e3o at\u00e9 30 de junho; os nascidos entre julho e setembro, at\u00e9 30 de setembro; e os nascidos entre outubro e dezembro, at\u00e9 31 de dezembro do pr\u00f3ximo ano.<\/p>\n<p>De acordo com a portaria, caso o benef\u00edcio seja suspenso, ele poder\u00e1 ser reativado assim que a inscri\u00e7\u00e3o for identificada. O benefici\u00e1rio receber\u00e1 o valor referente ao per\u00edodo de suspens\u00e3o. Caso perca o benef\u00edcio, o prazo para regularizar a situa\u00e7\u00e3o ser\u00e1 de 30 dias e dever\u00e1 ser feita por meio dos canais de atendimento do Instituto Nacional do Seguro Social (INSS).<\/p>\n<h3>Como se inscrever<\/h3>\n<p>Para realizar a inscri\u00e7\u00e3o, os benefici\u00e1rios do BPC devem procurar os Centros de Refer\u00eancia de Assist\u00eancia Social (Cras) ou a Secretaria de Assist\u00eancia Social do munic\u00edpio e ter em m\u00e3os alguns documentos: Cadastro de Pessoa F\u00edsica (CPF), Registro Geral (RG) e comprovante de resid\u00eancia. A inscri\u00e7\u00e3o tamb\u00e9m pode ser feita pelo respons\u00e1vel familiar, desde que leve os documentos de todas as pessoas que moram com o benefici\u00e1rio.<\/p>\n<h3>O que \u00e9 o BPC<\/h3>\n<p>O BPC tem o valor de um sal\u00e1rio m\u00ednimo e \u00e9 pago mensalmente a idosos acima de 65 anos e pessoas com defici\u00eancia que possuem renda familiar de at\u00e9 R$ 238,00. At\u00e9 o momento, mais de 3,1 milh\u00f5es de pessoas j\u00e1 fizeram o registro no Cadastro \u00danico do Governo Federal.<\/p>\n<p><span style=\"font-size: 24pt;\"><strong>Cronograma para se registrar no Cadastro \u00danico e n\u00e3o perder o BPC<\/strong><\/span><\/p>\n<table class=\"plain\" style=\"height: 186px;\" width=\"452\">\n<tbody>\n<tr>\n<td style=\"width: 214px;\"><strong>Para os nascidos entre&#8230;<\/strong><\/td>\n<td style=\"width: 222px;\"><strong>Prazo final para inscri\u00e7\u00e3o<\/strong><\/td>\n<\/tr>\n<tr>\n<td style=\"width: 214px;\">Janeiro e mar\u00e7o<\/td>\n<td style=\"width: 222px;\">31 de mar\u00e7o de 2019<\/td>\n<\/tr>\n<tr>\n<td style=\"width: 214px;\">Abril e junho<\/td>\n<td style=\"width: 222px;\">30 de junho de 2019<\/td>\n<\/tr>\n<tr>\n<td style=\"width: 214px;\">Julho e setembro<\/td>\n<td style=\"width: 222px;\">30 de setembro de 2019<\/td>\n<\/tr>\n<tr>\n<td style=\"width: 214px;\">Outubro e dezembro<\/td>\n<td style=\"width: 222px;\">31 de dezembro de 2019<\/td>\n<\/tr>\n<\/tbody>\n<\/table>\n<p>Fonte: Governo do Brasil, com informa\u00e7\u00f5es do <a href=\"http:\/\/mds.gov.br\/\" data-tippreview-enabled=\"false\" data-tippreview-image=\"\" data-tippreview-title=\"\">Minist\u00e9rio do Desenvolvimento Social\u00a0<\/a><span data-ccp-props=\"{&quot;201341983&quot;:0,&quot;335559739&quot;:160,&quot;335559740&quot;:259}\"><a href=\"http:\/\/mds.gov.br\/\" data-tippreview-enabled=\"false\" data-tippreview-image=\"\" data-tippreview-title=\"\">\u00a0<\/a><\/span><\/p>\n","protected":false},"excerpt":{"rendered":"<p>Brasileiros que n\u00e3o estiverem no Cadastro \u00danico podem perder o Benef\u00edcio de Presta\u00e7\u00e3o Continuada (BPC). Isso porque uma portaria do Minist\u00e9rio do Desenvolvimento Social, publicada na quarta-feira, 19, traz novas regras. Para continuar no programa, \u00e9 preciso fazer o cadastro at\u00e9 o pr\u00f3ximo dia 31. Depois dessa data, haver\u00e1 um cronograma para inscri\u00e7\u00e3o de acordo [&hellip;]<\/p>\n","protected":false},"author":96,"featured_media":128957,"comment_status":"closed","ping_status":"closed","sticky":false,"template":"","format":"standard","meta":{"footnotes":""},"categories":[302,436,439],"tags":[],"class_list":["post-128956","post","type-post","status-publish","format-standard","has-post-thumbnail","hentry","category-brasil-mundo","category-destaque-da-semana","category-ultima-hora"],"_links":{"self":[{"href":"https:\/\/diarioregionaldigital.com.br\/index.php?rest_route=\/wp\/v2\/posts\/128956","targetHints":{"allow":["GET"]}}],"collection":[{"href":"https:\/\/diarioregionaldigital.com.br\/index.php?rest_route=\/wp\/v2\/posts"}],"about":[{"href":"https:\/\/diarioregionaldigital.com.br\/index.php?rest_route=\/wp\/v2\/types\/post"}],"author":[{"embeddable":true,"href":"https:\/\/diarioregionaldigital.com.br\/index.php?rest_route=\/wp\/v2\/users\/96"}],"replies":[{"embeddable":true,"href":"https:\/\/diarioregionaldigital.com.br\/index.php?rest_route=%2Fwp%2Fv2%2Fcomments&post=128956"}],"version-history":[{"count":0,"href":"https:\/\/diarioregionaldigital.com.br\/index.php?rest_route=\/wp\/v2\/posts\/128956\/revisions"}],"wp:featuredmedia":[{"embeddable":true,"href":"https:\/\/diarioregionaldigital.com.br\/index.php?rest_route=\/wp\/v2\/media\/128957"}],"wp:attachment":[{"href":"https:\/\/diarioregionaldigital.com.br\/index.php?rest_route=%2Fwp%2Fv2%2Fmedia&parent=128956"}],"wp:term":[{"taxonomy":"category","embeddable":true,"href":"https:\/\/diarioregionaldigital.com.br\/index.php?rest_route=%2Fwp%2Fv2%2Fcategories&post=128956"},{"taxonomy":"post_tag","embeddable":true,"href":"https:\/\/diarioregionaldigital.com.br\/index.php?rest_route=%2Fwp%2Fv2%2Ftags&post=128956"}],"curies":[{"name":"wp","href":"https:\/\/api.w.org\/{rel}","templated":true}]}}