{"id":128953,"date":"2018-12-20T14:38:53","date_gmt":"2018-12-20T16:38:53","guid":{"rendered":"https:\/\/diarioregionaldigital.com.br\/?p=128953"},"modified":"2018-12-20T14:38:53","modified_gmt":"2018-12-20T16:38:53","slug":"confianca-do-consumidor-chega-ao-maior-nivel-em-mais-de-seis-anos","status":"publish","type":"post","link":"https:\/\/diarioregionaldigital.com.br\/?p=128953","title":{"rendered":"Confian\u00e7a do consumidor chega ao maior n\u00edvel em mais de seis anos"},"content":{"rendered":"<p>Diante da melhora da economia e do mercado de trabalho, a confian\u00e7a do consumidor alcan\u00e7ou o maior n\u00edvel em mais de seis anos. Segundo a Confedera\u00e7\u00e3o Nacional da Ind\u00fastria (CNI), um indicador que mede esse otimismo em pontos subiu 13,73% na compara\u00e7\u00e3o entre dezembro de 2018 e igual m\u00eas do ano passado. Com esse desempenho, o \u00edndice chegou a 114,3 pontos.<\/p>\n<p>Semelhante a um term\u00f4metro, quanto maior a pontua\u00e7\u00e3o desse indicador, mais otimista est\u00e1 o consumidor. Para chegar ao n\u00famero final, a CNI faz duas mil entrevistas em 127 munic\u00edpios. Com esses dados, a confedera\u00e7\u00e3o cria uma pontua\u00e7\u00e3o para a confian\u00e7a do consumidor em rela\u00e7\u00e3o a infla\u00e7\u00e3o, desemprego, renda pessoal, situa\u00e7\u00e3o financeira, endividamento e compras de bens de maior valor. Com base em todos esses dados, a pesquisa chega a um n\u00famero final.<\/p>\n<p>Dos seis subtemas da pesquisa, apenas um apresentou retra\u00e7\u00e3o frente a dezembro do ano passado, o item compras de bens de maior valor recuou 2,48%. Frente a novembro, ficou est\u00e1vel. Todos os demais itens apresentaram melhora expressiva. A maior foi a que mede a percep\u00e7\u00e3o sobre a infla\u00e7\u00e3o: houve um aumento de 30,68% nesse indicador frente a dezembro de 2017. A lista de subtemas em alta segue com mercado de trabalho (+27,16%), renda pessoal (+19,21%), situa\u00e7\u00e3o financeira (+13,55%) e endividamento (+11,30%).<\/p>\n<p><img decoding=\"async\" src=\"http:\/\/www.brasil.gov.br\/noticias\/economia-e-financas\/2018\/12\/info-cni-otimismo.png\" alt=\"Confian\u00e7a do consumidor chega ao maior n\u00edvel em mais de seis anos\" \/><\/p>\n<h3>Import\u00e2ncia do indicador<\/h3>\n<p>Esse tipo de \u00edndice \u00e9 importante porque o consumo das fam\u00edlias \u00e9 combust\u00edvel para a economia e reflete diretamente no Produto Interno Bruto (PIB). Mais consumo pode impulsionar a gera\u00e7\u00e3o de empregos no Pa\u00eds. At\u00e9 o terceiro trimestre, os consumidores deram uma contribui\u00e7\u00e3o de R$ 3,2 trilh\u00f5es para o PIB. Comparado ao ano passado, houve um aumento de 2%.<\/p>\n<p><span class=\"discreet\">Fonte: Governo do Brasil, com informa\u00e7\u00f5es da <a class=\"external-link\" title=\"\" href=\"http:\/\/www.portaldaindustria.com.br\/cni\/\" target=\"_blank\" rel=\"noopener\" data-tippreview-title=\"\" data-tippreview-image=\"\" data-tippreview-enabled=\"false\">CNI<\/a> e do <a class=\"external-link\" title=\"\" href=\"https:\/\/www.ibge.gov.br\/\" target=\"_blank\" rel=\"noopener\" data-tippreview-title=\"\" data-tippreview-image=\"\" data-tippreview-enabled=\"false\">IBGE<\/a><\/span><\/p>\n","protected":false},"excerpt":{"rendered":"<p>Diante da melhora da economia e do mercado de trabalho, a confian\u00e7a do consumidor alcan\u00e7ou o maior n\u00edvel em mais de seis anos. Segundo a Confedera\u00e7\u00e3o Nacional da Ind\u00fastria (CNI), um indicador que mede esse otimismo em pontos subiu 13,73% na compara\u00e7\u00e3o entre dezembro de 2018 e igual m\u00eas do ano passado. Com esse desempenho, [&hellip;]<\/p>\n","protected":false},"author":96,"featured_media":128954,"comment_status":"closed","ping_status":"closed","sticky":false,"template":"","format":"standard","meta":{"footnotes":""},"categories":[436,261,439],"tags":[],"class_list":["post-128953","post","type-post","status-publish","format-standard","has-post-thumbnail","hentry","category-destaque-da-semana","category-economia","category-ultima-hora"],"_links":{"self":[{"href":"https:\/\/diarioregionaldigital.com.br\/index.php?rest_route=\/wp\/v2\/posts\/128953","targetHints":{"allow":["GET"]}}],"collection":[{"href":"https:\/\/diarioregionaldigital.com.br\/index.php?rest_route=\/wp\/v2\/posts"}],"about":[{"href":"https:\/\/diarioregionaldigital.com.br\/index.php?rest_route=\/wp\/v2\/types\/post"}],"author":[{"embeddable":true,"href":"https:\/\/diarioregionaldigital.com.br\/index.php?rest_route=\/wp\/v2\/users\/96"}],"replies":[{"embeddable":true,"href":"https:\/\/diarioregionaldigital.com.br\/index.php?rest_route=%2Fwp%2Fv2%2Fcomments&post=128953"}],"version-history":[{"count":0,"href":"https:\/\/diarioregionaldigital.com.br\/index.php?rest_route=\/wp\/v2\/posts\/128953\/revisions"}],"wp:featuredmedia":[{"embeddable":true,"href":"https:\/\/diarioregionaldigital.com.br\/index.php?rest_route=\/wp\/v2\/media\/128954"}],"wp:attachment":[{"href":"https:\/\/diarioregionaldigital.com.br\/index.php?rest_route=%2Fwp%2Fv2%2Fmedia&parent=128953"}],"wp:term":[{"taxonomy":"category","embeddable":true,"href":"https:\/\/diarioregionaldigital.com.br\/index.php?rest_route=%2Fwp%2Fv2%2Fcategories&post=128953"},{"taxonomy":"post_tag","embeddable":true,"href":"https:\/\/diarioregionaldigital.com.br\/index.php?rest_route=%2Fwp%2Fv2%2Ftags&post=128953"}],"curies":[{"name":"wp","href":"https:\/\/api.w.org\/{rel}","templated":true}]}}