{"id":128950,"date":"2018-12-20T14:35:44","date_gmt":"2018-12-20T16:35:44","guid":{"rendered":"https:\/\/diarioregionaldigital.com.br\/?p=128950"},"modified":"2018-12-20T14:35:44","modified_gmt":"2018-12-20T16:35:44","slug":"hpv-tera-dois-novos-tratamentos-gratuitos-em-2019","status":"publish","type":"post","link":"https:\/\/diarioregionaldigital.com.br\/?p=128950","title":{"rendered":"HPV ter\u00e1 dois novos tratamentos gratuitos em 2019"},"content":{"rendered":"<p>O Sistema \u00danico de Sa\u00fade (SUS) vai oferecer, a partir de 2019, duas novas op\u00e7\u00f5es de tratamento para sintomas de infec\u00e7\u00e3o por HPV (Papilomav\u00edrus humano), como verrugas nos genitais e \u00e2nus. Os cremes podofilotoxina e imiquimode foram incorporados \u00e0 lista de subst\u00e2ncias da rede p\u00fablica em novembro deste ano. O Minist\u00e9rio da Sa\u00fade tem at\u00e9 180 dias para disponibiliz\u00e1-los \u00e0 popula\u00e7\u00e3o.<\/p>\n<p>Uma pesquisa encomendada pelo minist\u00e9rio ao projeto POP-Brasil- Estudo Epidemiol\u00f3gico sobre a Preval\u00eancia Nacional de Infec\u00e7\u00e3o pelo HPV revela que a preval\u00eancia estimada de HPV em jovens de 16 a 25 anos foi de 54,6%. A infec\u00e7\u00e3o por HPV \u00e9 considerada grave, pois alguns subtipos do v\u00edrus podem causar les\u00f5es no colo do \u00fatero precursoras de c\u00e2ncer. Atualmente, o c\u00e2ncer de colo de \u00fatero \u00e9 a quarta causa mais frequente de morte por c\u00e2ncer em mulheres no Brasil.<\/p>\n<p>De um total de 7.586 entrevistados (5.812 mulheres e 1.774 homens), 38,4% apresentaram HPV de alto risco para o desenvolvimento de c\u00e2ncer. A pesquisa foi realizada em 26 capitais brasileiras e no Distrito Federal. Mais de 2,6 mil participantes foram analisados para tipagem de HPV.<\/p>\n<p>Existem v\u00e1rios tipos de HPV, sendo geralmente os n\u00e3o cancer\u00edgenos respons\u00e1veis pelo aparecimento das verrugas (condilomas acuminados), popularmente conhecidas como &#8220;crista de galo&#8221;, &#8220;figueira&#8221; ou &#8220;cavalo de crista\u201d. Elas n\u00e3o possuem um padr\u00e3o de aparecimento no corpo em rela\u00e7\u00e3o \u00e0 quantidade, tamanho e tipos (elevadas e s\u00f3lidas). Al\u00e9m disso, embora na maioria das vezes sejam assintom\u00e1ticas, podem causar coceira.<\/p>\n<p>Fonte: <a href=\"http:\/\/portalms.saude.gov.br\/\">Minist\u00e9rio da Sa\u00fade<\/a><\/p>\n","protected":false},"excerpt":{"rendered":"<p>O Sistema \u00danico de Sa\u00fade (SUS) vai oferecer, a partir de 2019, duas novas op\u00e7\u00f5es de tratamento para sintomas de infec\u00e7\u00e3o por HPV (Papilomav\u00edrus humano), como verrugas nos genitais e \u00e2nus. Os cremes podofilotoxina e imiquimode foram incorporados \u00e0 lista de subst\u00e2ncias da rede p\u00fablica em novembro deste ano. O Minist\u00e9rio da Sa\u00fade tem at\u00e9 [&hellip;]<\/p>\n","protected":false},"author":96,"featured_media":128951,"comment_status":"closed","ping_status":"closed","sticky":false,"template":"","format":"standard","meta":{"footnotes":""},"categories":[302,436,439],"tags":[],"class_list":["post-128950","post","type-post","status-publish","format-standard","has-post-thumbnail","hentry","category-brasil-mundo","category-destaque-da-semana","category-ultima-hora"],"_links":{"self":[{"href":"https:\/\/diarioregionaldigital.com.br\/index.php?rest_route=\/wp\/v2\/posts\/128950","targetHints":{"allow":["GET"]}}],"collection":[{"href":"https:\/\/diarioregionaldigital.com.br\/index.php?rest_route=\/wp\/v2\/posts"}],"about":[{"href":"https:\/\/diarioregionaldigital.com.br\/index.php?rest_route=\/wp\/v2\/types\/post"}],"author":[{"embeddable":true,"href":"https:\/\/diarioregionaldigital.com.br\/index.php?rest_route=\/wp\/v2\/users\/96"}],"replies":[{"embeddable":true,"href":"https:\/\/diarioregionaldigital.com.br\/index.php?rest_route=%2Fwp%2Fv2%2Fcomments&post=128950"}],"version-history":[{"count":0,"href":"https:\/\/diarioregionaldigital.com.br\/index.php?rest_route=\/wp\/v2\/posts\/128950\/revisions"}],"wp:featuredmedia":[{"embeddable":true,"href":"https:\/\/diarioregionaldigital.com.br\/index.php?rest_route=\/wp\/v2\/media\/128951"}],"wp:attachment":[{"href":"https:\/\/diarioregionaldigital.com.br\/index.php?rest_route=%2Fwp%2Fv2%2Fmedia&parent=128950"}],"wp:term":[{"taxonomy":"category","embeddable":true,"href":"https:\/\/diarioregionaldigital.com.br\/index.php?rest_route=%2Fwp%2Fv2%2Fcategories&post=128950"},{"taxonomy":"post_tag","embeddable":true,"href":"https:\/\/diarioregionaldigital.com.br\/index.php?rest_route=%2Fwp%2Fv2%2Ftags&post=128950"}],"curies":[{"name":"wp","href":"https:\/\/api.w.org\/{rel}","templated":true}]}}