{"id":128937,"date":"2018-12-20T13:04:05","date_gmt":"2018-12-20T15:04:05","guid":{"rendered":"https:\/\/diarioregionaldigital.com.br\/?p=128937"},"modified":"2018-12-20T13:04:05","modified_gmt":"2018-12-20T15:04:05","slug":"campeoes-do-ranking-de-corridas-de-rua-recebem-premiacoes-no-teatro-pascoal-carlos-magno","status":"publish","type":"post","link":"https:\/\/diarioregionaldigital.com.br\/?p=128937","title":{"rendered":"Campe\u00f5es do ranking de corridas de rua recebem premia\u00e7\u00f5es no Teatro \u201cPascoal Carlos Magno\u201d"},"content":{"rendered":"<p>A noite foi de festa do esporte no Teatro \u201cPascoal Carlos Magno\u201d, na quarta-feira, 19, onde mais de 200 atletas foram homenageados com medalhas e trof\u00e9us como campe\u00f5es do \u201c32\u00ba Ranking Prefeitura de Juiz de Fora de Corridas de Rua\u201d.<\/p>\n<p>A premia\u00e7\u00e3o come\u00e7ou pelas categorias de atletas, homens e mulheres, com defici\u00eancia visual, auditiva, intelectual e de membros superiores e inferiores. O ano de supera\u00e7\u00e3o foi coroado quando os corredores do Programa \u201cJF Paral\u00edmpico\u201d, da Secretaria de Esporte e Lazer (SEL), da Prefeitura de Juiz de Fora (PJF), foram chamados ao palco.<\/p>\n<p>Em seguida, os melhores por faixa et\u00e1ria foram homenageados. Atletas de 12 a mais de 80 anos, os dez primeiros lugares gerais, masculino e feminino, receberam trof\u00e9us e medalhas, sendo que os cinco primeiros tiveram, gradativamente, premia\u00e7\u00e3o em dinheiro. Por \u00faltimo, as equipes vencedoras subiram ao palco. Imperadores\/Cria Universidade Federal de Juiz de Fora (UFJF) foi a melhor entre os homens, e a Faculdade Metodista Granbery\/Educa\u00e7\u00e3o F\u00edsica, entre as mulheres.<\/p>\n<p>No evento, que teve a presen\u00e7a do prefeito Ant\u00f4nio Almas e do secret\u00e1rio de Esporte e Lazer, J\u00falio Gasparette, foi anunciado o calend\u00e1rio do 33\u00ba Ranking, a ser cumprido em 2019, em parceria com as empresas vencedoras, conforme licita\u00e7\u00e3o realizada pela SEL. Ser\u00e3o 11 etapas:<\/p>\n<p>24 de fevereiro: 3\u00aa Corrida do Laborat\u00f3rio \u201cC\u00f4rtes Villela\u201d<\/p>\n<p>24 de mar\u00e7o: Corrida da LHS Consultoria Esportiva<\/p>\n<p>14 de abril: 4\u00aa Corrida \u201cCorrendo das Drogas\u201d<\/p>\n<p>5 de maio: 4\u00aa Corrida da Unimed<\/p>\n<p>2 de junho: 8\u00aa Meia Maratona de Juiz de Fora<\/p>\n<p>30 de junho: 4\u00aa Corrida \u201cMexa-se Pela Vida\u201d<\/p>\n<p>25 de agosto: 32\u00aa Corrida \u201cDuque de Caxias\u201d<\/p>\n<p>22 de setembro: 9\u00aa Corrida do Rodovi\u00e1rio \u201cCamilo dos Santos\u201d<\/p>\n<p>27 de outubro: 7\u00aa Corrida Solid\u00e1ria da Ascomcer<\/p>\n<p>23 de novembro: 5\u00aa Corrida da Tecnobit Night Run<\/p>\n<p>8 de dezembro: 1\u00aa Corrida de Rua da Smart Fit<\/p>\n<p><em>Fonte: Assessoria<\/em><\/p>\n","protected":false},"excerpt":{"rendered":"<p>A noite foi de festa do esporte no Teatro \u201cPascoal Carlos Magno\u201d, na quarta-feira, 19, onde mais de 200 atletas foram homenageados com medalhas e trof\u00e9us como campe\u00f5es do \u201c32\u00ba Ranking Prefeitura de Juiz de Fora de Corridas de Rua\u201d. A premia\u00e7\u00e3o come\u00e7ou pelas categorias de atletas, homens e mulheres, com defici\u00eancia visual, auditiva, intelectual [&hellip;]<\/p>\n","protected":false},"author":96,"featured_media":0,"comment_status":"closed","ping_status":"closed","sticky":false,"template":"","format":"standard","meta":{"footnotes":""},"categories":[257,439],"tags":[],"class_list":["post-128937","post","type-post","status-publish","format-standard","hentry","category-esporte","category-ultima-hora"],"_links":{"self":[{"href":"https:\/\/diarioregionaldigital.com.br\/index.php?rest_route=\/wp\/v2\/posts\/128937","targetHints":{"allow":["GET"]}}],"collection":[{"href":"https:\/\/diarioregionaldigital.com.br\/index.php?rest_route=\/wp\/v2\/posts"}],"about":[{"href":"https:\/\/diarioregionaldigital.com.br\/index.php?rest_route=\/wp\/v2\/types\/post"}],"author":[{"embeddable":true,"href":"https:\/\/diarioregionaldigital.com.br\/index.php?rest_route=\/wp\/v2\/users\/96"}],"replies":[{"embeddable":true,"href":"https:\/\/diarioregionaldigital.com.br\/index.php?rest_route=%2Fwp%2Fv2%2Fcomments&post=128937"}],"version-history":[{"count":0,"href":"https:\/\/diarioregionaldigital.com.br\/index.php?rest_route=\/wp\/v2\/posts\/128937\/revisions"}],"wp:attachment":[{"href":"https:\/\/diarioregionaldigital.com.br\/index.php?rest_route=%2Fwp%2Fv2%2Fmedia&parent=128937"}],"wp:term":[{"taxonomy":"category","embeddable":true,"href":"https:\/\/diarioregionaldigital.com.br\/index.php?rest_route=%2Fwp%2Fv2%2Fcategories&post=128937"},{"taxonomy":"post_tag","embeddable":true,"href":"https:\/\/diarioregionaldigital.com.br\/index.php?rest_route=%2Fwp%2Fv2%2Ftags&post=128937"}],"curies":[{"name":"wp","href":"https:\/\/api.w.org\/{rel}","templated":true}]}}