{"id":128934,"date":"2018-12-20T12:45:28","date_gmt":"2018-12-20T14:45:28","guid":{"rendered":"https:\/\/diarioregionaldigital.com.br\/?p=128934"},"modified":"2018-12-20T12:45:28","modified_gmt":"2018-12-20T14:45:28","slug":"magistrados-discutem-preocupacoes-da-categoria-com-bolsonaro","status":"publish","type":"post","link":"https:\/\/diarioregionaldigital.com.br\/?p=128934","title":{"rendered":"Magistrados discutem preocupa\u00e7\u00f5es da categoria com Bolsonaro"},"content":{"rendered":"<p>O presidente eleito, Jair Bolsonaro, recebeu nesta quarta-feira, 20, pela manh\u00e3, no Rio de Janeiro, a visita do presidente da Associa\u00e7\u00e3o dos Magistrados Brasileiros, Jayme de Oliveira. Ele e um grupo de ju\u00edzes apresentaram as preocupa\u00e7\u00f5es com projetos de lei que envolvem a magistratura.<\/p>\n<p>&#8220;N\u00e3o tratamos de nenhuma pauta espec\u00edfica porque n\u00e3o \u00e9 o momento adequado. O que viemos fazer foi mostrar as preocupa\u00e7\u00f5es e os projetos que existem no Congresso, que s\u00e3o muitos, mas nada em especial&#8221;, afirmou o magistrado.<\/p>\n<p>A visita ocorreu no dia seguinte \u00e0 decis\u00e3o do ministro Marco Aur\u00e9lio Mello, do Supremo Tribunal Federal, que determinou a soltura dos condenados em segunda inst\u00e2ncia. Horas depois, o presidente da Corte, Dias Toffoli, revogou a medida.<\/p>\n<p>Na conversa com Bolsonaro, Jayme de Oliveira disse que h\u00e1 v\u00e1rios projetos em discuss\u00e3o e citou a proposta de fixar um tempo de mandato para ministros do Supremo. Segundo ele, AMB n\u00e3o apresentou um pedido espec\u00edfico. &#8220;O presidente assume em janeiro e, a\u00ed sim, vamos procur\u00e1-lo e levar algumas pautas a ele.&#8221;<\/p>\n<p>Jayme de Oliveira acrescentou ainda que o presidente eleito demonstrou disposi\u00e7\u00e3o em conhecer e ouvir propostas. Al\u00e9m dos ju\u00edzes, Bolsonaro recebeu hoje evang\u00e9licos norte-americanos e o ativista dissidente do governo cubano Orlando Gutierrez-Boronat, com quem, segundo assessoria do presidente, &#8220;foi discutida a liberta\u00e7\u00e3o de Cuba&#8221;.<\/p>\n<p><em>Fonte: Ag\u00eancia Brasil<\/em><\/p>\n","protected":false},"excerpt":{"rendered":"<p>O presidente eleito, Jair Bolsonaro, recebeu nesta quarta-feira, 20, pela manh\u00e3, no Rio de Janeiro, a visita do presidente da Associa\u00e7\u00e3o dos Magistrados Brasileiros, Jayme de Oliveira. Ele e um grupo de ju\u00edzes apresentaram as preocupa\u00e7\u00f5es com projetos de lei que envolvem a magistratura. &#8220;N\u00e3o tratamos de nenhuma pauta espec\u00edfica porque n\u00e3o \u00e9 o momento [&hellip;]<\/p>\n","protected":false},"author":96,"featured_media":0,"comment_status":"closed","ping_status":"closed","sticky":false,"template":"","format":"standard","meta":{"footnotes":""},"categories":[254,439],"tags":[],"class_list":["post-128934","post","type-post","status-publish","format-standard","hentry","category-politica","category-ultima-hora"],"_links":{"self":[{"href":"https:\/\/diarioregionaldigital.com.br\/index.php?rest_route=\/wp\/v2\/posts\/128934","targetHints":{"allow":["GET"]}}],"collection":[{"href":"https:\/\/diarioregionaldigital.com.br\/index.php?rest_route=\/wp\/v2\/posts"}],"about":[{"href":"https:\/\/diarioregionaldigital.com.br\/index.php?rest_route=\/wp\/v2\/types\/post"}],"author":[{"embeddable":true,"href":"https:\/\/diarioregionaldigital.com.br\/index.php?rest_route=\/wp\/v2\/users\/96"}],"replies":[{"embeddable":true,"href":"https:\/\/diarioregionaldigital.com.br\/index.php?rest_route=%2Fwp%2Fv2%2Fcomments&post=128934"}],"version-history":[{"count":0,"href":"https:\/\/diarioregionaldigital.com.br\/index.php?rest_route=\/wp\/v2\/posts\/128934\/revisions"}],"wp:attachment":[{"href":"https:\/\/diarioregionaldigital.com.br\/index.php?rest_route=%2Fwp%2Fv2%2Fmedia&parent=128934"}],"wp:term":[{"taxonomy":"category","embeddable":true,"href":"https:\/\/diarioregionaldigital.com.br\/index.php?rest_route=%2Fwp%2Fv2%2Fcategories&post=128934"},{"taxonomy":"post_tag","embeddable":true,"href":"https:\/\/diarioregionaldigital.com.br\/index.php?rest_route=%2Fwp%2Fv2%2Ftags&post=128934"}],"curies":[{"name":"wp","href":"https:\/\/api.w.org\/{rel}","templated":true}]}}