{"id":128932,"date":"2018-12-20T12:38:41","date_gmt":"2018-12-20T14:38:41","guid":{"rendered":"https:\/\/diarioregionaldigital.com.br\/?p=128932"},"modified":"2018-12-20T12:38:41","modified_gmt":"2018-12-20T14:38:41","slug":"homem-e-preso-por-trafico-interestadual-de-drogas","status":"publish","type":"post","link":"https:\/\/diarioregionaldigital.com.br\/?p=128932","title":{"rendered":"Homem \u00e9 preso por tr\u00e1fico interestadual de drogas"},"content":{"rendered":"<p>Um homem de 31 anos foi preso em flagrante na manh\u00e3 desta quarta-feira, 20, por tr\u00e1fico interestadual de drogas na BR-040, rodovia que liga o Rio de Janeiro a Juiz de Fora. Segundo informa\u00e7\u00f5es dos policiais rodovi\u00e1rios federais o caso aconteceu na altura da cidade de Tr\u00eas Rios.<\/p>\n<p>O suspeito confessou que transportava a droga do Rio de Janeiro para Minas Gerais. Ele foi encaminhado para a 108\u00aa de Tr\u00eas Rios, juntamente com os entorpecentes.<\/p>\n","protected":false},"excerpt":{"rendered":"<p>Um homem de 31 anos foi preso em flagrante na manh\u00e3 desta quarta-feira, 20, por tr\u00e1fico interestadual de drogas na BR-040, rodovia que liga o Rio de Janeiro a Juiz de Fora. Segundo informa\u00e7\u00f5es dos policiais rodovi\u00e1rios federais o caso aconteceu na altura da cidade de Tr\u00eas Rios. O suspeito confessou que transportava a droga [&hellip;]<\/p>\n","protected":false},"author":96,"featured_media":95105,"comment_status":"closed","ping_status":"closed","sticky":false,"template":"","format":"standard","meta":{"footnotes":""},"categories":[252,439],"tags":[],"class_list":["post-128932","post","type-post","status-publish","format-standard","has-post-thumbnail","hentry","category-regiao","category-ultima-hora"],"_links":{"self":[{"href":"https:\/\/diarioregionaldigital.com.br\/index.php?rest_route=\/wp\/v2\/posts\/128932","targetHints":{"allow":["GET"]}}],"collection":[{"href":"https:\/\/diarioregionaldigital.com.br\/index.php?rest_route=\/wp\/v2\/posts"}],"about":[{"href":"https:\/\/diarioregionaldigital.com.br\/index.php?rest_route=\/wp\/v2\/types\/post"}],"author":[{"embeddable":true,"href":"https:\/\/diarioregionaldigital.com.br\/index.php?rest_route=\/wp\/v2\/users\/96"}],"replies":[{"embeddable":true,"href":"https:\/\/diarioregionaldigital.com.br\/index.php?rest_route=%2Fwp%2Fv2%2Fcomments&post=128932"}],"version-history":[{"count":0,"href":"https:\/\/diarioregionaldigital.com.br\/index.php?rest_route=\/wp\/v2\/posts\/128932\/revisions"}],"wp:featuredmedia":[{"embeddable":true,"href":"https:\/\/diarioregionaldigital.com.br\/index.php?rest_route=\/wp\/v2\/media\/95105"}],"wp:attachment":[{"href":"https:\/\/diarioregionaldigital.com.br\/index.php?rest_route=%2Fwp%2Fv2%2Fmedia&parent=128932"}],"wp:term":[{"taxonomy":"category","embeddable":true,"href":"https:\/\/diarioregionaldigital.com.br\/index.php?rest_route=%2Fwp%2Fv2%2Fcategories&post=128932"},{"taxonomy":"post_tag","embeddable":true,"href":"https:\/\/diarioregionaldigital.com.br\/index.php?rest_route=%2Fwp%2Fv2%2Ftags&post=128932"}],"curies":[{"name":"wp","href":"https:\/\/api.w.org\/{rel}","templated":true}]}}