{"id":128915,"date":"2018-12-20T10:28:13","date_gmt":"2018-12-20T12:28:13","guid":{"rendered":"https:\/\/diarioregionaldigital.com.br\/?p=128915"},"modified":"2018-12-20T12:15:20","modified_gmt":"2018-12-20T14:15:20","slug":"homem-e-preso-por-cultivar-maconha-em-casa","status":"publish","type":"post","link":"https:\/\/diarioregionaldigital.com.br\/?p=128915","title":{"rendered":"Homem \u00e9 preso por cultivar maconha em casa"},"content":{"rendered":"<p>Um homem foi preso por cultivar a planta que d\u00e1 origem a maconha em casa na manh\u00e3 desta quinta-feira, 20. A a\u00e7\u00e3o ocorreu depois que um morador informou a Pol\u00edcia Militar que o mesmo estava cultivando cannabis. O caso aconteceu na rua Batista de Oliveira, no centro de Juiz de Fora.<\/p>\n<div id=\"attachment_128917\" style=\"width: 310px\" class=\"wp-caption alignright\"><img loading=\"lazy\" decoding=\"async\" aria-describedby=\"caption-attachment-128917\" class=\"size-medium wp-image-128917\" src=\"https:\/\/diarioregionaldigital.com.br\/wp-content\/uploads\/2018\/12\/48403434_362766677603930_1066915987095289856_n-300x261.jpg\" alt=\"\" width=\"300\" height=\"261\" \/><p id=\"caption-attachment-128917\" class=\"wp-caption-text\">Autor foi preso em flagrante &#8211; Foto: Divulga\u00e7\u00e3o\/PM<\/p><\/div>\n<p>Foram apreendidos no local sete vasos com a planta. O autor foi preso em flagrante e conduzido para a Delegacia mais pr\u00f3xima.<\/p>\n<p>&nbsp;<\/p>\n","protected":false},"excerpt":{"rendered":"<p>Um homem foi preso por cultivar a planta que d\u00e1 origem a maconha em casa na manh\u00e3 desta quinta-feira, 20. A a\u00e7\u00e3o ocorreu depois que um morador informou a Pol\u00edcia Militar que o mesmo estava cultivando cannabis. O caso aconteceu na rua Batista de Oliveira, no centro de Juiz de Fora. Foram apreendidos no local [&hellip;]<\/p>\n","protected":false},"author":96,"featured_media":0,"comment_status":"closed","ping_status":"closed","sticky":false,"template":"","format":"standard","meta":{"footnotes":""},"categories":[301,440,439],"tags":[],"class_list":["post-128915","post","type-post","status-publish","format-standard","hentry","category-artigos-policiais","category-destaques-do-dia","category-ultima-hora"],"_links":{"self":[{"href":"https:\/\/diarioregionaldigital.com.br\/index.php?rest_route=\/wp\/v2\/posts\/128915","targetHints":{"allow":["GET"]}}],"collection":[{"href":"https:\/\/diarioregionaldigital.com.br\/index.php?rest_route=\/wp\/v2\/posts"}],"about":[{"href":"https:\/\/diarioregionaldigital.com.br\/index.php?rest_route=\/wp\/v2\/types\/post"}],"author":[{"embeddable":true,"href":"https:\/\/diarioregionaldigital.com.br\/index.php?rest_route=\/wp\/v2\/users\/96"}],"replies":[{"embeddable":true,"href":"https:\/\/diarioregionaldigital.com.br\/index.php?rest_route=%2Fwp%2Fv2%2Fcomments&post=128915"}],"version-history":[{"count":0,"href":"https:\/\/diarioregionaldigital.com.br\/index.php?rest_route=\/wp\/v2\/posts\/128915\/revisions"}],"wp:attachment":[{"href":"https:\/\/diarioregionaldigital.com.br\/index.php?rest_route=%2Fwp%2Fv2%2Fmedia&parent=128915"}],"wp:term":[{"taxonomy":"category","embeddable":true,"href":"https:\/\/diarioregionaldigital.com.br\/index.php?rest_route=%2Fwp%2Fv2%2Fcategories&post=128915"},{"taxonomy":"post_tag","embeddable":true,"href":"https:\/\/diarioregionaldigital.com.br\/index.php?rest_route=%2Fwp%2Fv2%2Ftags&post=128915"}],"curies":[{"name":"wp","href":"https:\/\/api.w.org\/{rel}","templated":true}]}}