{"id":128906,"date":"2018-12-20T10:29:57","date_gmt":"2018-12-20T12:29:57","guid":{"rendered":"https:\/\/diarioregionaldigital.com.br\/?p=128906"},"modified":"2018-12-20T11:53:07","modified_gmt":"2018-12-20T13:53:07","slug":"zema-e-eleitos-sao-diplomados-em-belo-horizonte","status":"publish","type":"post","link":"https:\/\/diarioregionaldigital.com.br\/?p=128906","title":{"rendered":"Zema e eleitos s\u00e3o diplomados em Belo Horizonte"},"content":{"rendered":"<p>Nessa quarta-feira, 19, os representantes mineiros eleitos foram diplomados. A solenidade foi realizada pelo Tribunal Regional Eleitoral (TRE\/MG) no Grande Teatro do Pal\u00e1cio das Artes, no Centro de Belo Horizonte.<\/p>\n<p>No total, foram 77 parlamentares diplomados, 31 dos quais ter\u00e3o o seu primeiro mandado. Eles tomar\u00e3o posse em 1\u00b0 de fevereiro de 2019 quando ter\u00e1 inicio a nova legislatura e ser\u00e1 eleita a Mesa Diretora.<\/p>\n<p>Romeu Zema (Novo), se pronunciou no evento. De acordo com ele, a austeridade e meritocracia dar\u00e3o o tom da sua gest\u00e3o e afirmou que medidas duras ser\u00e3o necess\u00e1rias para colocar as contas p\u00fablicas em dia.<\/p>\n","protected":false},"excerpt":{"rendered":"<p>Nessa quarta-feira, 19, os representantes mineiros eleitos foram diplomados. A solenidade foi realizada pelo Tribunal Regional Eleitoral (TRE\/MG) no Grande Teatro do Pal\u00e1cio das Artes, no Centro de Belo Horizonte. No total, foram 77 parlamentares diplomados, 31 dos quais ter\u00e3o o seu primeiro mandado. Eles tomar\u00e3o posse em 1\u00b0 de fevereiro de 2019 quando ter\u00e1 [&hellip;]<\/p>\n","protected":false},"author":96,"featured_media":0,"comment_status":"closed","ping_status":"closed","sticky":false,"template":"","format":"standard","meta":{"footnotes":""},"categories":[436,440,252,439],"tags":[],"class_list":["post-128906","post","type-post","status-publish","format-standard","hentry","category-destaque-da-semana","category-destaques-do-dia","category-regiao","category-ultima-hora"],"_links":{"self":[{"href":"https:\/\/diarioregionaldigital.com.br\/index.php?rest_route=\/wp\/v2\/posts\/128906","targetHints":{"allow":["GET"]}}],"collection":[{"href":"https:\/\/diarioregionaldigital.com.br\/index.php?rest_route=\/wp\/v2\/posts"}],"about":[{"href":"https:\/\/diarioregionaldigital.com.br\/index.php?rest_route=\/wp\/v2\/types\/post"}],"author":[{"embeddable":true,"href":"https:\/\/diarioregionaldigital.com.br\/index.php?rest_route=\/wp\/v2\/users\/96"}],"replies":[{"embeddable":true,"href":"https:\/\/diarioregionaldigital.com.br\/index.php?rest_route=%2Fwp%2Fv2%2Fcomments&post=128906"}],"version-history":[{"count":0,"href":"https:\/\/diarioregionaldigital.com.br\/index.php?rest_route=\/wp\/v2\/posts\/128906\/revisions"}],"wp:attachment":[{"href":"https:\/\/diarioregionaldigital.com.br\/index.php?rest_route=%2Fwp%2Fv2%2Fmedia&parent=128906"}],"wp:term":[{"taxonomy":"category","embeddable":true,"href":"https:\/\/diarioregionaldigital.com.br\/index.php?rest_route=%2Fwp%2Fv2%2Fcategories&post=128906"},{"taxonomy":"post_tag","embeddable":true,"href":"https:\/\/diarioregionaldigital.com.br\/index.php?rest_route=%2Fwp%2Fv2%2Ftags&post=128906"}],"curies":[{"name":"wp","href":"https:\/\/api.w.org\/{rel}","templated":true}]}}