{"id":128897,"date":"2018-12-20T09:17:33","date_gmt":"2018-12-20T11:17:33","guid":{"rendered":"https:\/\/diarioregionaldigital.com.br\/?p=128897"},"modified":"2018-12-20T09:17:33","modified_gmt":"2018-12-20T11:17:33","slug":"menores-sao-apreendidos-na-zona-norte-por-posse-ilegal-de-arma","status":"publish","type":"post","link":"https:\/\/diarioregionaldigital.com.br\/?p=128897","title":{"rendered":"Menores s\u00e3o apreendidos na zona Norte por posse ilegal de arma"},"content":{"rendered":"<p>Duas pessoas foram presas nessa quarta-feira, 19, em Juiz de Fora por posse ilegal de arma. Um dos casos, aconteceu no bairro Industrial, na zona Norte, onde a Pol\u00edcia Militar (PM) encontrou uma espingarda de calibre 12 e uma arma de fogo artesanal de calibre 20, al\u00e9m de muni\u00e7\u00f5es, na casa de um menor de 16 anos, na Rua Augusto Mariane.<\/p>\n<p>A PM chegou at\u00e9 ele atrav\u00e9s de uma opera\u00e7\u00e3o que investiga pessoas que exp\u00f5em armas em grupos do aplicativo WhatsApp.<\/p>\n<p>O jovem foi apreendido e encaminhado para a delegacia, junto com o respons\u00e1vel legal, o pai, de 38 anos.<\/p>\n<p>O segundo caso de posse ilegal de armas foi registrado no bairro Francisco Bernardino, tamb\u00e9m na zona Norte. Na mesma opera\u00e7\u00e3o, os policiais militares localizaram outro jovem, de 16 anos, que tamb\u00e9m ostentava armas em redes sociais. Na casa dele, na Rua Berta Halfeld, foi encontrado um rev\u00f3lver calibre 22.<\/p>\n<p>O menor foi levado para a delegacia, acompanhado da m\u00e3e, de 52 anos.<\/p>\n","protected":false},"excerpt":{"rendered":"<p>Duas pessoas foram presas nessa quarta-feira, 19, em Juiz de Fora por posse ilegal de arma. Um dos casos, aconteceu no bairro Industrial, na zona Norte, onde a Pol\u00edcia Militar (PM) encontrou uma espingarda de calibre 12 e uma arma de fogo artesanal de calibre 20, al\u00e9m de muni\u00e7\u00f5es, na casa de um menor de [&hellip;]<\/p>\n","protected":false},"author":96,"featured_media":95836,"comment_status":"closed","ping_status":"closed","sticky":false,"template":"","format":"standard","meta":{"footnotes":""},"categories":[301],"tags":[],"class_list":["post-128897","post","type-post","status-publish","format-standard","has-post-thumbnail","hentry","category-artigos-policiais"],"_links":{"self":[{"href":"https:\/\/diarioregionaldigital.com.br\/index.php?rest_route=\/wp\/v2\/posts\/128897","targetHints":{"allow":["GET"]}}],"collection":[{"href":"https:\/\/diarioregionaldigital.com.br\/index.php?rest_route=\/wp\/v2\/posts"}],"about":[{"href":"https:\/\/diarioregionaldigital.com.br\/index.php?rest_route=\/wp\/v2\/types\/post"}],"author":[{"embeddable":true,"href":"https:\/\/diarioregionaldigital.com.br\/index.php?rest_route=\/wp\/v2\/users\/96"}],"replies":[{"embeddable":true,"href":"https:\/\/diarioregionaldigital.com.br\/index.php?rest_route=%2Fwp%2Fv2%2Fcomments&post=128897"}],"version-history":[{"count":0,"href":"https:\/\/diarioregionaldigital.com.br\/index.php?rest_route=\/wp\/v2\/posts\/128897\/revisions"}],"wp:featuredmedia":[{"embeddable":true,"href":"https:\/\/diarioregionaldigital.com.br\/index.php?rest_route=\/wp\/v2\/media\/95836"}],"wp:attachment":[{"href":"https:\/\/diarioregionaldigital.com.br\/index.php?rest_route=%2Fwp%2Fv2%2Fmedia&parent=128897"}],"wp:term":[{"taxonomy":"category","embeddable":true,"href":"https:\/\/diarioregionaldigital.com.br\/index.php?rest_route=%2Fwp%2Fv2%2Fcategories&post=128897"},{"taxonomy":"post_tag","embeddable":true,"href":"https:\/\/diarioregionaldigital.com.br\/index.php?rest_route=%2Fwp%2Fv2%2Ftags&post=128897"}],"curies":[{"name":"wp","href":"https:\/\/api.w.org\/{rel}","templated":true}]}}