{"id":128892,"date":"2018-12-20T09:06:41","date_gmt":"2018-12-20T11:06:41","guid":{"rendered":"https:\/\/diarioregionaldigital.com.br\/?p=128892"},"modified":"2018-12-20T09:06:41","modified_gmt":"2018-12-20T11:06:41","slug":"empav-realiza-operacao-tapa-buracos-em-15-bairros","status":"publish","type":"post","link":"https:\/\/diarioregionaldigital.com.br\/?p=128892","title":{"rendered":"Empav realiza opera\u00e7\u00e3o tapa-buracos em 15 bairros"},"content":{"rendered":"<p>Nessa quarta-feira, 19, a Empresa Municipal de Pavimenta\u00e7\u00e3o e Urbaniza\u00e7\u00e3o (Empav) realizou opera\u00e7\u00e3o tapa-buracos na Avenida Deusdedith Salgado, no Teixeiras; na Avenida Santa Luzia, bairro hom\u00f4nimo; na Rua Evaristo da Veiga, em Benfica; na Rua Sinval Corr\u00eaa e na Avenida Francisco Valadares, no Po\u00e7o Rico; na Rua Major Jo\u00e3o Martins, na Vila Ozanan; nas ruas Professor Vicente Mazini, Delorme de Carvalho, Doutor Pedro Mendes e Vicente Ad\u00e3o Botti, no Bom Pastor; na Rua Agilberto Costa, no S\u00e3o Benedito; nas ruas Eduardo Weiss, Luiz Baltazar Erbele, En\u00e9as Mascarenhas e Iguassu, no Monte Castelo; na Rua Feliciano Pena, no Mariano Proc\u00f3pio; e na Avenida JK.<\/p>\n<p>Nessa ter\u00e7a, 18, o servi\u00e7o foi realizado na Rua Fernando Lamarca, no Distrito Industrial; na Rua Jos\u00e9 Apol\u00f4nio dos Reis, no Aerporto; na Avenida Juiz de Fora e na Rua Diomar Monteiro, no Grama; nas Ruas Martins Barbosa e Evaristo da Veiga, em Benfica; na Rua Engenheiro Reginaldo Arcuri, na Encosta do Sol; e na Estrada da Remonta, no J\u00f3quei Clube.<\/p>\n","protected":false},"excerpt":{"rendered":"<p>Nessa quarta-feira, 19, a Empresa Municipal de Pavimenta\u00e7\u00e3o e Urbaniza\u00e7\u00e3o (Empav) realizou opera\u00e7\u00e3o tapa-buracos na Avenida Deusdedith Salgado, no Teixeiras; na Avenida Santa Luzia, bairro hom\u00f4nimo; na Rua Evaristo da Veiga, em Benfica; na Rua Sinval Corr\u00eaa e na Avenida Francisco Valadares, no Po\u00e7o Rico; na Rua Major Jo\u00e3o Martins, na Vila Ozanan; nas ruas [&hellip;]<\/p>\n","protected":false},"author":96,"featured_media":0,"comment_status":"closed","ping_status":"closed","sticky":false,"template":"","format":"standard","meta":{"footnotes":""},"categories":[253,439],"tags":[],"class_list":["post-128892","post","type-post","status-publish","format-standard","hentry","category-cidade","category-ultima-hora"],"_links":{"self":[{"href":"https:\/\/diarioregionaldigital.com.br\/index.php?rest_route=\/wp\/v2\/posts\/128892","targetHints":{"allow":["GET"]}}],"collection":[{"href":"https:\/\/diarioregionaldigital.com.br\/index.php?rest_route=\/wp\/v2\/posts"}],"about":[{"href":"https:\/\/diarioregionaldigital.com.br\/index.php?rest_route=\/wp\/v2\/types\/post"}],"author":[{"embeddable":true,"href":"https:\/\/diarioregionaldigital.com.br\/index.php?rest_route=\/wp\/v2\/users\/96"}],"replies":[{"embeddable":true,"href":"https:\/\/diarioregionaldigital.com.br\/index.php?rest_route=%2Fwp%2Fv2%2Fcomments&post=128892"}],"version-history":[{"count":0,"href":"https:\/\/diarioregionaldigital.com.br\/index.php?rest_route=\/wp\/v2\/posts\/128892\/revisions"}],"wp:attachment":[{"href":"https:\/\/diarioregionaldigital.com.br\/index.php?rest_route=%2Fwp%2Fv2%2Fmedia&parent=128892"}],"wp:term":[{"taxonomy":"category","embeddable":true,"href":"https:\/\/diarioregionaldigital.com.br\/index.php?rest_route=%2Fwp%2Fv2%2Fcategories&post=128892"},{"taxonomy":"post_tag","embeddable":true,"href":"https:\/\/diarioregionaldigital.com.br\/index.php?rest_route=%2Fwp%2Fv2%2Ftags&post=128892"}],"curies":[{"name":"wp","href":"https:\/\/api.w.org\/{rel}","templated":true}]}}