{"id":128890,"date":"2018-12-20T08:20:48","date_gmt":"2018-12-20T10:20:48","guid":{"rendered":"https:\/\/diarioregionaldigital.com.br\/?p=128890"},"modified":"2018-12-20T08:20:48","modified_gmt":"2018-12-20T10:20:48","slug":"jovem-e-preso-apos-roubar-celular-no-bairro-dom-bosco","status":"publish","type":"post","link":"https:\/\/diarioregionaldigital.com.br\/?p=128890","title":{"rendered":"Jovem \u00e9 preso ap\u00f3s roubar celular no bairro Dom Bosco"},"content":{"rendered":"<p>Nessa quarta-feira, 19, uma jovem, 25 anos, teve o celular roubado em um ponto de \u00f4nibus no bairro Dom Bosco, na zona Sul de Juiz de Fora. Ela esperava um coletivo urbano na Rua Doutor Campos Lima, quando foi abordada por um homem que aparentava estar armado com uma faca.<\/p>\n<p>O autor, que segundo a v\u00edtima era negro e magro, exigiu que ela entregasse o celular e, ap\u00f3s conseguir o telefone, fugiu.<\/p>\n<p>A Pol\u00edcia Militar (PM) realizou rastreamento na regi\u00e3o e conseguiu encontrar o autor, que tem 19 anos. Os policiais localizaram o assaltante na Rua Benedito dos Reis Fortes, a cerca de 300 metros de onde o crime aconteceu.<\/p>\n<p>O autor confessou \u00e0 PM que roubou o celular da jovem e disse que vendeu o aparelho telef\u00f4nico por R$150 para uma pessoa nas proximidades da Pra\u00e7a dos Tr\u00eas Poderes, no Centro da cidade. O adolescente foi preso e encaminhado \u00e0 delegacia.<\/p>\n<p>&nbsp;<\/p>\n<p>&nbsp;<\/p>\n<p>&nbsp;<\/p>\n","protected":false},"excerpt":{"rendered":"<p>Nessa quarta-feira, 19, uma jovem, 25 anos, teve o celular roubado em um ponto de \u00f4nibus no bairro Dom Bosco, na zona Sul de Juiz de Fora. Ela esperava um coletivo urbano na Rua Doutor Campos Lima, quando foi abordada por um homem que aparentava estar armado com uma faca. O autor, que segundo a [&hellip;]<\/p>\n","protected":false},"author":96,"featured_media":95836,"comment_status":"closed","ping_status":"closed","sticky":false,"template":"","format":"standard","meta":{"footnotes":""},"categories":[301],"tags":[],"class_list":["post-128890","post","type-post","status-publish","format-standard","has-post-thumbnail","hentry","category-artigos-policiais"],"_links":{"self":[{"href":"https:\/\/diarioregionaldigital.com.br\/index.php?rest_route=\/wp\/v2\/posts\/128890","targetHints":{"allow":["GET"]}}],"collection":[{"href":"https:\/\/diarioregionaldigital.com.br\/index.php?rest_route=\/wp\/v2\/posts"}],"about":[{"href":"https:\/\/diarioregionaldigital.com.br\/index.php?rest_route=\/wp\/v2\/types\/post"}],"author":[{"embeddable":true,"href":"https:\/\/diarioregionaldigital.com.br\/index.php?rest_route=\/wp\/v2\/users\/96"}],"replies":[{"embeddable":true,"href":"https:\/\/diarioregionaldigital.com.br\/index.php?rest_route=%2Fwp%2Fv2%2Fcomments&post=128890"}],"version-history":[{"count":0,"href":"https:\/\/diarioregionaldigital.com.br\/index.php?rest_route=\/wp\/v2\/posts\/128890\/revisions"}],"wp:featuredmedia":[{"embeddable":true,"href":"https:\/\/diarioregionaldigital.com.br\/index.php?rest_route=\/wp\/v2\/media\/95836"}],"wp:attachment":[{"href":"https:\/\/diarioregionaldigital.com.br\/index.php?rest_route=%2Fwp%2Fv2%2Fmedia&parent=128890"}],"wp:term":[{"taxonomy":"category","embeddable":true,"href":"https:\/\/diarioregionaldigital.com.br\/index.php?rest_route=%2Fwp%2Fv2%2Fcategories&post=128890"},{"taxonomy":"post_tag","embeddable":true,"href":"https:\/\/diarioregionaldigital.com.br\/index.php?rest_route=%2Fwp%2Fv2%2Ftags&post=128890"}],"curies":[{"name":"wp","href":"https:\/\/api.w.org\/{rel}","templated":true}]}}