{"id":128864,"date":"2018-12-20T06:00:36","date_gmt":"2018-12-20T08:00:36","guid":{"rendered":"https:\/\/diarioregionaldigital.com.br\/?p=128864"},"modified":"2018-12-19T20:15:37","modified_gmt":"2018-12-19T22:15:37","slug":"acao-sadia","status":"publish","type":"post","link":"https:\/\/diarioregionaldigital.com.br\/?p=128864","title":{"rendered":"A\u00e7\u00e3o Sadia"},"content":{"rendered":"<p style=\"text-align: center;\"><strong>\u00c9 Natal<\/strong><\/p>\n<p style=\"text-align: center;\">A diretoria do bloco Pintinho de Ouro e a Escola de Samba Unidos do Ladeira promoveram festa de Natal para crian\u00e7as carentes na Toca da Raposa. O Papai Noel do Bahamas marcou presen\u00e7a e distribuiu 300 brinquedos. A alegria foi geral.<\/p>\n<p style=\"text-align: center;\"><strong>A\u00e7\u00e3o Sadia<\/strong><\/p>\n<p style=\"text-align: center;\">O flamenguista Paul Almeida est\u00e1 em estado alfa. Ele idealizou o Projeto Sol e lan\u00e7ou no Parque da Lajinha com sucesso. As atividades inclui m\u00fasica, dan\u00e7a, alongamento, yoga, artesanato e culin\u00e1ria. O foco especial \u00e9 em pessoas com transtorno de ansiedade e depress\u00e3o.<\/p>\n<p style=\"text-align: center;\"><strong>Olha S\u00f3<\/strong><\/p>\n<p style=\"text-align: center;\">Os cabelos brancos est\u00e3o na moda e cada vez mais mulheres optam por deixar as madeixas para assumir uma cabeleira prateada, livrando-se da escravid\u00e3o das conven\u00e7\u00f5es est\u00e9ticas baseadas no culto \u00e0 eterna juventude. J\u00e1 os homens aos poucos v\u00e3o mostrando que cabelos grisalhos \u00e9 sinal de charme total.<\/p>\n<p style=\"text-align: center;\"><strong>Sa\u00fade<\/strong><\/p>\n<p style=\"text-align: center;\">Em boa hora para a sa\u00fade p\u00fablica em Juiz de Fora, as dez vagas abertas pelo Governo Federal do Programa Mais M\u00e9dicos do Minist\u00e9rio da Sa\u00fade previstas, em edital, para Juiz de Fora, j\u00e1 foram preenchidas. Esta semana, a documenta\u00e7\u00e3o dos profissionais que substitu\u00edram os m\u00e9dicos cubanos na cidade j\u00e1 foi validada pela Subsecretaria de Aten\u00e7\u00e3o Prim\u00e1ria \u00e0 Sa\u00fade e os novos m\u00e9dicos j\u00e1 est\u00e3o atuando nas unidades b\u00e1sicas de sa\u00fade (UBSs) da cidade.<\/p>\n<div id=\"attachment_128838\" style=\"width: 690px\" class=\"wp-caption aligncenter\"><img loading=\"lazy\" decoding=\"async\" aria-describedby=\"caption-attachment-128838\" class=\"wp-image-128838\" src=\"https:\/\/diarioregionaldigital.com.br\/wp-content\/uploads\/2018\/12\/fotoa-12-e1545251621954.jpg\" alt=\"\" width=\"680\" height=\"519\" srcset=\"https:\/\/diarioregionaldigital.com.br\/wp-content\/uploads\/2018\/12\/fotoa-12-e1545251621954.jpg 1176w, https:\/\/diarioregionaldigital.com.br\/wp-content\/uploads\/2018\/12\/fotoa-12-e1545251621954-300x229.jpg 300w, https:\/\/diarioregionaldigital.com.br\/wp-content\/uploads\/2018\/12\/fotoa-12-e1545251621954-768x586.jpg 768w, https:\/\/diarioregionaldigital.com.br\/wp-content\/uploads\/2018\/12\/fotoa-12-e1545251621954-1024x782.jpg 1024w, https:\/\/diarioregionaldigital.com.br\/wp-content\/uploads\/2018\/12\/fotoa-12-e1545251621954-360x275.jpg 360w\" sizes=\"auto, (max-width: 680px) 100vw, 680px\" \/><p id=\"caption-attachment-128838\" class=\"wp-caption-text\">Mulheres empoderadas em festa de final de ano na Esta\u00e7\u00e3o Grill, Cristina Ferrugine, M\u00f4nica Gomide Guimar\u00e3es, Sandra Cordeiro e Meire Milhomens<\/p><\/div>\n<div id=\"attachment_128839\" style=\"width: 690px\" class=\"wp-caption aligncenter\"><img loading=\"lazy\" decoding=\"async\" aria-describedby=\"caption-attachment-128839\" class=\"wp-image-128839\" src=\"https:\/\/diarioregionaldigital.com.br\/wp-content\/uploads\/2018\/12\/fotoaa-3-e1545251643904.jpg\" alt=\"\" width=\"680\" height=\"486\" srcset=\"https:\/\/diarioregionaldigital.com.br\/wp-content\/uploads\/2018\/12\/fotoaa-3-e1545251643904.jpg 916w, https:\/\/diarioregionaldigital.com.br\/wp-content\/uploads\/2018\/12\/fotoaa-3-e1545251643904-300x215.jpg 300w, https:\/\/diarioregionaldigital.com.br\/wp-content\/uploads\/2018\/12\/fotoaa-3-e1545251643904-768x549.jpg 768w, https:\/\/diarioregionaldigital.com.br\/wp-content\/uploads\/2018\/12\/fotoaa-3-e1545251643904-360x257.jpg 360w, https:\/\/diarioregionaldigital.com.br\/wp-content\/uploads\/2018\/12\/fotoaa-3-e1545251643904-100x70.jpg 100w\" sizes=\"auto, (max-width: 680px) 100vw, 680px\" \/><p id=\"caption-attachment-128839\" class=\"wp-caption-text\">O empres\u00e1rio Ren\u00ea Mendon\u00e7a mostra novidades para o Natal na Floricultura Dois Amores<\/p><\/div>\n<div id=\"attachment_128840\" style=\"width: 690px\" class=\"wp-caption aligncenter\"><img loading=\"lazy\" decoding=\"async\" aria-describedby=\"caption-attachment-128840\" class=\"wp-image-128840\" src=\"https:\/\/diarioregionaldigital.com.br\/wp-content\/uploads\/2018\/12\/fotob-12-e1545251674481.jpg\" alt=\"\" width=\"680\" height=\"515\" srcset=\"https:\/\/diarioregionaldigital.com.br\/wp-content\/uploads\/2018\/12\/fotob-12-e1545251674481.jpg 479w, https:\/\/diarioregionaldigital.com.br\/wp-content\/uploads\/2018\/12\/fotob-12-e1545251674481-300x227.jpg 300w, https:\/\/diarioregionaldigital.com.br\/wp-content\/uploads\/2018\/12\/fotob-12-e1545251674481-360x273.jpg 360w\" sizes=\"auto, (max-width: 680px) 100vw, 680px\" \/><p id=\"caption-attachment-128840\" class=\"wp-caption-text\">Curtindo a festa Lux\u00faria no Ol\u00edmpico, Leonardo Quetz<\/p><\/div>\n<div id=\"attachment_128841\" style=\"width: 690px\" class=\"wp-caption aligncenter\"><img loading=\"lazy\" decoding=\"async\" aria-describedby=\"caption-attachment-128841\" class=\"wp-image-128841\" src=\"https:\/\/diarioregionaldigital.com.br\/wp-content\/uploads\/2018\/12\/fotobb-2-e1545251712409.jpg\" alt=\"\" width=\"680\" height=\"496\" srcset=\"https:\/\/diarioregionaldigital.com.br\/wp-content\/uploads\/2018\/12\/fotobb-2-e1545251712409.jpg 960w, https:\/\/diarioregionaldigital.com.br\/wp-content\/uploads\/2018\/12\/fotobb-2-e1545251712409-300x219.jpg 300w, https:\/\/diarioregionaldigital.com.br\/wp-content\/uploads\/2018\/12\/fotobb-2-e1545251712409-768x560.jpg 768w, https:\/\/diarioregionaldigital.com.br\/wp-content\/uploads\/2018\/12\/fotobb-2-e1545251712409-360x263.jpg 360w\" sizes=\"auto, (max-width: 680px) 100vw, 680px\" \/><p id=\"caption-attachment-128841\" class=\"wp-caption-text\">O juiz\u2013forano Jos\u00e9 Del Duca com futuro promissor na Globo para 2019<\/p><\/div>\n<div id=\"attachment_128842\" style=\"width: 690px\" class=\"wp-caption aligncenter\"><img loading=\"lazy\" decoding=\"async\" aria-describedby=\"caption-attachment-128842\" class=\"wp-image-128842\" src=\"https:\/\/diarioregionaldigital.com.br\/wp-content\/uploads\/2018\/12\/fotoc-12-e1545251768828.jpg\" alt=\"\" width=\"680\" height=\"490\" srcset=\"https:\/\/diarioregionaldigital.com.br\/wp-content\/uploads\/2018\/12\/fotoc-12-e1545251768828.jpg 957w, https:\/\/diarioregionaldigital.com.br\/wp-content\/uploads\/2018\/12\/fotoc-12-e1545251768828-300x216.jpg 300w, https:\/\/diarioregionaldigital.com.br\/wp-content\/uploads\/2018\/12\/fotoc-12-e1545251768828-768x553.jpg 768w, https:\/\/diarioregionaldigital.com.br\/wp-content\/uploads\/2018\/12\/fotoc-12-e1545251768828-360x259.jpg 360w\" sizes=\"auto, (max-width: 680px) 100vw, 680px\" \/><p id=\"caption-attachment-128842\" class=\"wp-caption-text\">No Terrazzo, o bonit\u00e3o Aislan Vin\u00edcius<\/p><\/div>\n<div id=\"attachment_128843\" style=\"width: 690px\" class=\"wp-caption aligncenter\"><img loading=\"lazy\" decoding=\"async\" aria-describedby=\"caption-attachment-128843\" class=\"wp-image-128843\" src=\"https:\/\/diarioregionaldigital.com.br\/wp-content\/uploads\/2018\/12\/fotod-12-e1545251790128.jpg\" alt=\"\" width=\"680\" height=\"642\" srcset=\"https:\/\/diarioregionaldigital.com.br\/wp-content\/uploads\/2018\/12\/fotod-12-e1545251790128.jpg 636w, https:\/\/diarioregionaldigital.com.br\/wp-content\/uploads\/2018\/12\/fotod-12-e1545251790128-300x283.jpg 300w, https:\/\/diarioregionaldigital.com.br\/wp-content\/uploads\/2018\/12\/fotod-12-e1545251790128-360x340.jpg 360w\" sizes=\"auto, (max-width: 680px) 100vw, 680px\" \/><p id=\"caption-attachment-128843\" class=\"wp-caption-text\">Fazendo social os lindos, Guilherme Quatorze Voltas e Nathalia Botezine<\/p><\/div>\n<div id=\"attachment_128845\" style=\"width: 690px\" class=\"wp-caption aligncenter\"><img loading=\"lazy\" decoding=\"async\" aria-describedby=\"caption-attachment-128845\" class=\"wp-image-128845\" src=\"https:\/\/diarioregionaldigital.com.br\/wp-content\/uploads\/2018\/12\/fotof-13-e1545251809529.jpg\" alt=\"\" width=\"680\" height=\"511\" srcset=\"https:\/\/diarioregionaldigital.com.br\/wp-content\/uploads\/2018\/12\/fotof-13-e1545251809529.jpg 958w, https:\/\/diarioregionaldigital.com.br\/wp-content\/uploads\/2018\/12\/fotof-13-e1545251809529-300x225.jpg 300w, https:\/\/diarioregionaldigital.com.br\/wp-content\/uploads\/2018\/12\/fotof-13-e1545251809529-768x577.jpg 768w, https:\/\/diarioregionaldigital.com.br\/wp-content\/uploads\/2018\/12\/fotof-13-e1545251809529-360x271.jpg 360w\" sizes=\"auto, (max-width: 680px) 100vw, 680px\" \/><p id=\"caption-attachment-128845\" class=\"wp-caption-text\">Em noite de festa os bonitos irm\u00e3os Rayane Rodrigues e Rom\u00e1rio Rodrigues<\/p><\/div>\n<div id=\"attachment_128846\" style=\"width: 690px\" class=\"wp-caption aligncenter\"><img loading=\"lazy\" decoding=\"async\" aria-describedby=\"caption-attachment-128846\" class=\"wp-image-128846\" src=\"https:\/\/diarioregionaldigital.com.br\/wp-content\/uploads\/2018\/12\/fotog-12-e1545251830886.jpg\" alt=\"\" width=\"680\" height=\"512\" srcset=\"https:\/\/diarioregionaldigital.com.br\/wp-content\/uploads\/2018\/12\/fotog-12-e1545251830886.jpg 479w, https:\/\/diarioregionaldigital.com.br\/wp-content\/uploads\/2018\/12\/fotog-12-e1545251830886-300x226.jpg 300w, https:\/\/diarioregionaldigital.com.br\/wp-content\/uploads\/2018\/12\/fotog-12-e1545251830886-360x271.jpg 360w\" sizes=\"auto, (max-width: 680px) 100vw, 680px\" \/><p id=\"caption-attachment-128846\" class=\"wp-caption-text\">Comemorando o sucesso das festas Euphorika e Lux\u00faria os reis da noite Hudsson Lagrotta e Leonardo Santos Peixoto<\/p><\/div>\n<div id=\"attachment_128847\" style=\"width: 690px\" class=\"wp-caption aligncenter\"><img loading=\"lazy\" decoding=\"async\" aria-describedby=\"caption-attachment-128847\" class=\"wp-image-128847\" src=\"https:\/\/diarioregionaldigital.com.br\/wp-content\/uploads\/2018\/12\/fotoh-10-e1545251851314.jpg\" alt=\"\" width=\"680\" height=\"504\" srcset=\"https:\/\/diarioregionaldigital.com.br\/wp-content\/uploads\/2018\/12\/fotoh-10-e1545251851314.jpg 564w, https:\/\/diarioregionaldigital.com.br\/wp-content\/uploads\/2018\/12\/fotoh-10-e1545251851314-300x222.jpg 300w, https:\/\/diarioregionaldigital.com.br\/wp-content\/uploads\/2018\/12\/fotoh-10-e1545251851314-360x267.jpg 360w\" sizes=\"auto, (max-width: 680px) 100vw, 680px\" \/><p id=\"caption-attachment-128847\" class=\"wp-caption-text\">No Bacco Gastrobar, os poderosos Thiago de Castro, Henrique Passos Miguel e Alex Mesquita<\/p><\/div>\n<div id=\"attachment_128848\" style=\"width: 690px\" class=\"wp-caption aligncenter\"><img loading=\"lazy\" decoding=\"async\" aria-describedby=\"caption-attachment-128848\" class=\"wp-image-128848\" src=\"https:\/\/diarioregionaldigital.com.br\/wp-content\/uploads\/2018\/12\/fotoi-7.jpg\" alt=\"\" width=\"680\" height=\"510\" srcset=\"https:\/\/diarioregionaldigital.com.br\/wp-content\/uploads\/2018\/12\/fotoi-7.jpg 960w, https:\/\/diarioregionaldigital.com.br\/wp-content\/uploads\/2018\/12\/fotoi-7-300x225.jpg 300w, https:\/\/diarioregionaldigital.com.br\/wp-content\/uploads\/2018\/12\/fotoi-7-768x576.jpg 768w, https:\/\/diarioregionaldigital.com.br\/wp-content\/uploads\/2018\/12\/fotoi-7-360x270.jpg 360w\" sizes=\"auto, (max-width: 680px) 100vw, 680px\" \/><p id=\"caption-attachment-128848\" class=\"wp-caption-text\">Destaques para a noite Red Carpet hoje, Leonardo Jesus, Crys Santos (anfitri\u00e3o) e Vanderson Silva<\/p><\/div>\n<div id=\"attachment_128850\" style=\"width: 690px\" class=\"wp-caption aligncenter\"><img loading=\"lazy\" decoding=\"async\" aria-describedby=\"caption-attachment-128850\" class=\"wp-image-128850\" src=\"https:\/\/diarioregionaldigital.com.br\/wp-content\/uploads\/2018\/12\/fotol-5-e1545251891507.jpg\" alt=\"\" width=\"680\" height=\"500\" srcset=\"https:\/\/diarioregionaldigital.com.br\/wp-content\/uploads\/2018\/12\/fotol-5-e1545251891507.jpg 909w, https:\/\/diarioregionaldigital.com.br\/wp-content\/uploads\/2018\/12\/fotol-5-e1545251891507-300x221.jpg 300w, https:\/\/diarioregionaldigital.com.br\/wp-content\/uploads\/2018\/12\/fotol-5-e1545251891507-768x565.jpg 768w, https:\/\/diarioregionaldigital.com.br\/wp-content\/uploads\/2018\/12\/fotol-5-e1545251891507-360x265.jpg 360w\" sizes=\"auto, (max-width: 680px) 100vw, 680px\" \/><p id=\"caption-attachment-128850\" class=\"wp-caption-text\">Mineiros cariocando no Rio, Ivo Afonso Junior Lorenzzo Scapim, Felipe Bersan, Diego Dutra, Jo\u00e3o Paulo Escobar e Diogo Moraes<\/p><\/div>\n<p style=\"text-align: center;\"><strong>FOTOSS\u00cdNTESE<\/strong><\/p>\n<p>A Floricultura Dois Amores na rua Santa Rita est\u00e1 com pe\u00e7as exclusivas do artesanato floral com tend\u00eancias atualizadas em designer natalinos para presentear no \u201cBoas Festas\u201d. Um luxo!<\/p>\n<p>Em estilo \u00fanico, Crys Santos da Ag\u00eancia Discovery recebe na 5\u00aa feira, 20, \u00e0s 20h, para a super festa Red Carpet, na sede social da ASE. Na noite, desfile de moda, concurso do negro mais bonito e homenagens.<\/p>\n<p>Wanderley de Oliveira e Maria Helena de Oliveira prestigiaram o vice-presidente do Instituto Hist\u00f3rico e Geogr\u00e1fico, Jos\u00e9 de Souza Terror, que autografou em noite cultural seu livro \u201cO saber imaginado, hist\u00f3rias da hist\u00f3ria para jovens dos 8 aos 80 anos\u201d.<\/p>\n<p>Com apoio da Lei Murilo Mendes, Diego Casanova lan\u00e7ou no Corredor Cultural, o document\u00e1rio \u201cVinil Poeira e Groove\u201d. A pesquisa de 4 anos, traz entrevistas com Criolo, Felipe Spinelli, Gramboy Grave e DJ Tuta (Vinil \u00e9 Arte), entre outros.<\/p>\n<p>M\u00f4nica Gomide Guimar\u00e3es e Alberto Rihan participaram no Hotel Green Hill e no Casa de Minas, no Salvaterra, de jantar e almo\u00e7o de confraterniza\u00e7\u00e3o da turma de 1978 de odontologia da UFJF.<\/p>\n<p>Com muita energia boa, Salcio Del Duca foi reeleito para mais dois anos \u00e0 frente da presid\u00eancia da Associa\u00e7\u00e3o Alem\u00e3, no bairro Borboleta.<\/p>\n<p>Para matar saudade de amigos, Myrliane Le\u00e3o circulou pelos lugares elegantes da cidade, direto da Caraguatatuba (SP), para Juiz de Fora.<\/p>\n<p>Digno de elogios, o advogado Val\u00e9rio Ribeiro esteve em Teresina (PI), onde brilhou com palestra a convite da Sociedade Piauiense de Oftalmologia.<\/p>\n<p>Com bagagem expressiva, Marcelo Silva Silv\u00e9rio foi eleito diretor da Faculdade de Farm\u00e1cia da UFJF. O vice \u00e9 Frederico Pitella Silva.<\/p>\n<p>Dentre convidados da festa de fim de ano da CDL, no Arigat\u00f4 destacamos: Jo\u00e3o Matos, Luis Ot\u00e1vio Guarnieri Galil, C\u00e9lio Chagas e o lindo casal Renata Santos Duarte e Guilherme Duarte.<\/p>\n<p>Para intensificar: Contenha-se!<\/p>\n","protected":false},"excerpt":{"rendered":"<p>\u00c9 Natal A diretoria do bloco Pintinho de Ouro e a Escola de Samba Unidos do Ladeira promoveram festa de Natal para crian\u00e7as carentes na Toca da Raposa. O Papai Noel do Bahamas marcou presen\u00e7a e distribuiu 300 brinquedos. A alegria foi geral. A\u00e7\u00e3o Sadia O flamenguista Paul Almeida est\u00e1 em estado alfa. Ele idealizou [&hellip;]<\/p>\n","protected":false},"author":96,"featured_media":128838,"comment_status":"closed","ping_status":"closed","sticky":false,"template":"","format":"standard","meta":{"footnotes":""},"categories":[264],"tags":[],"class_list":["post-128864","post","type-post","status-publish","format-standard","has-post-thumbnail","hentry","category-eduardo-gomes"],"_links":{"self":[{"href":"https:\/\/diarioregionaldigital.com.br\/index.php?rest_route=\/wp\/v2\/posts\/128864","targetHints":{"allow":["GET"]}}],"collection":[{"href":"https:\/\/diarioregionaldigital.com.br\/index.php?rest_route=\/wp\/v2\/posts"}],"about":[{"href":"https:\/\/diarioregionaldigital.com.br\/index.php?rest_route=\/wp\/v2\/types\/post"}],"author":[{"embeddable":true,"href":"https:\/\/diarioregionaldigital.com.br\/index.php?rest_route=\/wp\/v2\/users\/96"}],"replies":[{"embeddable":true,"href":"https:\/\/diarioregionaldigital.com.br\/index.php?rest_route=%2Fwp%2Fv2%2Fcomments&post=128864"}],"version-history":[{"count":0,"href":"https:\/\/diarioregionaldigital.com.br\/index.php?rest_route=\/wp\/v2\/posts\/128864\/revisions"}],"wp:featuredmedia":[{"embeddable":true,"href":"https:\/\/diarioregionaldigital.com.br\/index.php?rest_route=\/wp\/v2\/media\/128838"}],"wp:attachment":[{"href":"https:\/\/diarioregionaldigital.com.br\/index.php?rest_route=%2Fwp%2Fv2%2Fmedia&parent=128864"}],"wp:term":[{"taxonomy":"category","embeddable":true,"href":"https:\/\/diarioregionaldigital.com.br\/index.php?rest_route=%2Fwp%2Fv2%2Fcategories&post=128864"},{"taxonomy":"post_tag","embeddable":true,"href":"https:\/\/diarioregionaldigital.com.br\/index.php?rest_route=%2Fwp%2Fv2%2Ftags&post=128864"}],"curies":[{"name":"wp","href":"https:\/\/api.w.org\/{rel}","templated":true}]}}