{"id":128860,"date":"2018-12-19T18:43:31","date_gmt":"2018-12-19T20:43:31","guid":{"rendered":"https:\/\/diarioregionaldigital.com.br\/?p=128860"},"modified":"2018-12-19T18:43:31","modified_gmt":"2018-12-19T20:43:31","slug":"policia-civil-realiza-operacao-legalidade-ii-em-juiz-de-fora-e-outras-cidades-da-zona-da-mata","status":"publish","type":"post","link":"https:\/\/diarioregionaldigital.com.br\/?p=128860","title":{"rendered":"Pol\u00edcia Civil realiza \u201cOpera\u00e7\u00e3o Legalidade II\u201d em Juiz de Fora e outras cidades da Zona da Mata"},"content":{"rendered":"<p>A Pol\u00edcia Civil de Minas Gerais realizou nesta quarta-feira, 19, a \u201cOpera\u00e7\u00e3o Legalidade II\u201d em todos os Departamentos do Estado, incluindo o 4\u00ba Departamento de Pol\u00edcia Civil em Juiz de Fora, que compreende as Delegacias Regionais de Juiz de Fora, Ub\u00e1, Leopoldina e Muria\u00e9. A a\u00e7\u00e3o tem como objetivo combater os crimes patrimoniais, devido a proximidade das festas de fim de ano e visando oferecer maior tranquilidade \u00e0 popula\u00e7\u00e3o durante as compras de Natal.<\/p>\n<p>Sob a responsabilidade do 4\u00b0 Departamento, at\u00e9 o fechamento desta mat\u00e9ria, seis pessoas foram presas. Al\u00e9m disso, foram apreendidos dois adolescentes, drogas, muni\u00e7\u00f5es de arma de fogo, entre outros objetos. De acordo com as informa\u00e7\u00f5es do titular da Delegacia Especializada de Repress\u00e3o a Roubos, Delegado M\u00e1rcio Savino, na \u00e1rea da 1\u00aa Delegacia Regional de Juiz de Fora, dois adolescentes, de 17 anos, foram localizados no bairro Bela Aurora, Zona Sul de Juiz de Fora, na resid\u00eancia deles. Eles s\u00e3o suspeitos de cometerem o crime de latroc\u00ednio contra um idoso de 80 anos. O corpo da v\u00edtima foi encontrado por familiares em casa, no Bairro Bela Aurora, no dia 05 de novembro.<\/p>\n<p>Conforme disse o Delegado, as investiga\u00e7\u00f5es apontam que eles seriam vizinhos da v\u00edtima e teriam o conhecimento de que o idoso guardava dinheiro em casa. \u201cTeriam ido at\u00e9 o local para subtrair o dinheiro, quando foram surpreendidos pela v\u00edtima\u201d, disse. No crime em quest\u00e3o, houve luta corporal, resultando em facadas na v\u00edtima. De acordo com Savino, os investigados teriam deixado a v\u00edtima viva, agonizando no local, e, posteriormente, fugido.<\/p>\n<p>Ap\u00f3s intensas dilig\u00eancias, um jovem de 18 anos se apresentou na Delegacia Regional de Juiz de Fora, suspeito de cometer o latroc\u00ednio. Ele confessou a pr\u00e1tica do crime. Segundo M\u00e1rcio Savino, o inqu\u00e9rito policial ser\u00e1 remetido \u00e0 Justi\u00e7a ainda esta semana.<\/p>\n<p><strong>A\u00c7\u00d5ES NA REGI\u00c3O<\/strong><\/p>\n<p>At\u00e9 o momento, a 2\u00aa Delegacia Regional de Ub\u00e1 cumpriu mandados de pris\u00e3o preventiva em desfavor de dois homens, de 34 e 43 anos, ambos suspeitos de praticarem furtos de gados na regi\u00e3o de Senador Firmino. \u201cEsses indiv\u00edduos possuem um a\u00e7ougue na cidade de Ub\u00e1. Tamb\u00e9m foram cumpridos tr\u00eas mandados de busca e apreens\u00e3o na resid\u00eancia deles e no a\u00e7ougue. Foram localizadas muni\u00e7\u00f5es de arma de fogo e uma sela de animal dom\u00e9stico\u201d, explicou o Delegado Regional de Ub\u00e1, Dr. Diego Candian Alves, complementando que foram apreendidas gaiolas com animais silvestres. Ele ressaltou que os suspeitos tamb\u00e9m foram presos em flagrante em raz\u00e3o da posse ilegal de muni\u00e7\u00f5es. \u201cTrata-se de uma investiga\u00e7\u00e3o que perdurou por mais de seis meses, iniciada pelo Delegado que responde por Senador Firmino, Dr. Vinicius Soran\u00e7o\u201d, disse.<\/p>\n<p>J\u00e1 policiais civis da 3\u00aa Delegacia Regional de Leopoldina cumpriram, em Pirapetinga, um mandado de busca e apreens\u00e3o na cidade que culminou na pris\u00e3o em flagrante de um jovem de 18 anos, por tr\u00e1fico. Com o suspeito, foi localizada uma sacola com sete papelotes de subst\u00e2ncia an\u00e1loga \u00e0 coca\u00edna, contendo em cada papelote um tambor e um pino, totalizando 14 por\u00e7\u00f5es. Al\u00e9m disso, foram apreendidos um tambor contendo subst\u00e2ncia semelhante \u00e0 coca\u00edna, um pino contendo resqu\u00edcios de subst\u00e2ncia semelhante \u00e0 coca\u00edna, entre outros materiais.<\/p>\n<p>Na 4\u00aa Delegacia Regional de Muria\u00e9 tamb\u00e9m foram cumpridos mandados de pris\u00e3o, expedidos pela Justi\u00e7a, em desfavor de um homem de 63 anos, no Bairro Jo\u00e3o XXIII, e de um homem de 35 anos, no Bairro Aeroporto, em Muria\u00e9.<\/p>\n","protected":false},"excerpt":{"rendered":"<p>A Pol\u00edcia Civil de Minas Gerais realizou nesta quarta-feira, 19, a \u201cOpera\u00e7\u00e3o Legalidade II\u201d em todos os Departamentos do Estado, incluindo o 4\u00ba Departamento de Pol\u00edcia Civil em Juiz de Fora, que compreende as Delegacias Regionais de Juiz de Fora, Ub\u00e1, Leopoldina e Muria\u00e9. A a\u00e7\u00e3o tem como objetivo combater os crimes patrimoniais, devido a [&hellip;]<\/p>\n","protected":false},"author":96,"featured_media":128862,"comment_status":"closed","ping_status":"closed","sticky":false,"template":"","format":"standard","meta":{"footnotes":""},"categories":[253,436,252,439],"tags":[],"class_list":["post-128860","post","type-post","status-publish","format-standard","has-post-thumbnail","hentry","category-cidade","category-destaque-da-semana","category-regiao","category-ultima-hora"],"_links":{"self":[{"href":"https:\/\/diarioregionaldigital.com.br\/index.php?rest_route=\/wp\/v2\/posts\/128860","targetHints":{"allow":["GET"]}}],"collection":[{"href":"https:\/\/diarioregionaldigital.com.br\/index.php?rest_route=\/wp\/v2\/posts"}],"about":[{"href":"https:\/\/diarioregionaldigital.com.br\/index.php?rest_route=\/wp\/v2\/types\/post"}],"author":[{"embeddable":true,"href":"https:\/\/diarioregionaldigital.com.br\/index.php?rest_route=\/wp\/v2\/users\/96"}],"replies":[{"embeddable":true,"href":"https:\/\/diarioregionaldigital.com.br\/index.php?rest_route=%2Fwp%2Fv2%2Fcomments&post=128860"}],"version-history":[{"count":0,"href":"https:\/\/diarioregionaldigital.com.br\/index.php?rest_route=\/wp\/v2\/posts\/128860\/revisions"}],"wp:featuredmedia":[{"embeddable":true,"href":"https:\/\/diarioregionaldigital.com.br\/index.php?rest_route=\/wp\/v2\/media\/128862"}],"wp:attachment":[{"href":"https:\/\/diarioregionaldigital.com.br\/index.php?rest_route=%2Fwp%2Fv2%2Fmedia&parent=128860"}],"wp:term":[{"taxonomy":"category","embeddable":true,"href":"https:\/\/diarioregionaldigital.com.br\/index.php?rest_route=%2Fwp%2Fv2%2Fcategories&post=128860"},{"taxonomy":"post_tag","embeddable":true,"href":"https:\/\/diarioregionaldigital.com.br\/index.php?rest_route=%2Fwp%2Fv2%2Ftags&post=128860"}],"curies":[{"name":"wp","href":"https:\/\/api.w.org\/{rel}","templated":true}]}}