{"id":128856,"date":"2018-12-19T18:18:31","date_gmt":"2018-12-19T20:18:31","guid":{"rendered":"https:\/\/diarioregionaldigital.com.br\/?p=128856"},"modified":"2018-12-19T18:18:31","modified_gmt":"2018-12-19T20:18:31","slug":"policiais-apreendem-armas-e-mais-de-r-400-mil-em-casa-de-joao-de-deus","status":"publish","type":"post","link":"https:\/\/diarioregionaldigital.com.br\/?p=128856","title":{"rendered":"Policiais apreendem armas e mais de R$ 400 mil em casa de Jo\u00e3o de Deus"},"content":{"rendered":"<p>Policiais civis de Goi\u00e1s apreenderam pouco mais de R$ 400 mil e cinco armas de fogo em uma das resid\u00eancias do m\u00e9dium goiano Jo\u00e3o Teixeira de Faria, o Jo\u00e3o de Deus. Parte do dinheiro e o armamento estavam guardados no fundo falso de um guarda-roupa, em um quarto de uma das casas que o m\u00e9dium mant\u00e9m em Abadi\u00e2nia (GO).<\/p>\n<p>Segundo o delegado-geral da Pol\u00edcia Civil de Goi\u00e1s, Andr\u00e9 Fernandes, um dos rev\u00f3lveres tinha a numera\u00e7\u00e3o raspada. Junto com as cinco armas, havia tamb\u00e9m uma pistola de brinquedo. O dinheiro apreendido re\u00fane notas de d\u00f3lares, euros, pesos argentinos, francos su\u00ed\u00e7os e reais cuja origem ainda ser\u00e1 investigada.<\/p>\n<p>Hoje, 19, ao falar com jornalistas sobre o resultado do cumprimento de mandados de busca e apreens\u00e3o executados\u00a0ontem, 18, em tr\u00eas endere\u00e7os ligados ao m\u00e9dium, o delegado-geral classificou a opera\u00e7\u00e3o como \u201cexitosa\u201d.<\/p>\n<p>Entre os locais onde a Justi\u00e7a autorizou a realiza\u00e7\u00e3o de buscas e apreens\u00f5es est\u00e1 o centro esp\u00edrita Casa\u00a0Dom\u00a0In\u00e1cio de Loyola, onde, desde 1976, Jo\u00e3o de Deus oferece consultas, aconselhamento e cirurgias espirituais, al\u00e9m de vender produtos que ele pr\u00f3prio prescreve a seus seguidores. No local, os policiais revistaram os setores administrativos, os locais de ora\u00e7\u00e3o e \u00e1reas reservadas do im\u00f3vel. Al\u00e9m disso, peritos buscaram vest\u00edgios de s\u00eamen e sangue. O laudo t\u00e9cnico deve ser divulgado em breve.<\/p>\n<p>\u201cEstes objetos [apreendidos] s\u00e3o importantes para a elucida\u00e7\u00e3o da nossa investiga\u00e7\u00e3o\u201d, comentou Fernandes, acrescentando que os policiais tamb\u00e9m apreenderam documentos, aparelhos celulares e outros objetos cuja relev\u00e2ncia investigativa ainda vai ser analisada.<\/p>\n<div style=\"width: 468px\" class=\"wp-caption aligncenter\"><img loading=\"lazy\" decoding=\"async\" src=\"http:\/\/imagens.ebc.com.br\/mQiEZhe0QwILPqxbqZefVt57v1w=\/463x0\/smart\/http:\/\/agenciabrasil.ebc.com.br\/sites\/default\/files\/thumbnails\/image\/armas_e_dinheiro_apreendido_pela_policia_na_casa_de_joao_de_deus.jpg?itok=G1aQmLuA\" alt=\"\" width=\"458\" height=\"306\" \/><p class=\"wp-caption-text\">Armas e dinheiro apreendidos em endere\u00e7os ligados ao m\u00e9dium goiano Jo\u00e3o de Deus. &#8211; Divulga\u00e7\u00e3o\/Coordena\u00e7\u00e3o de Comunica\u00e7\u00e3o da PC-GO<\/p><\/div>\n<p>\u201cAinda n\u00e3o sabemos o motivo para ele manter este armamento e esta quantidade consider\u00e1vel de dinheiro em sua resid\u00eancia\u201d, declarou o delegado-geral, assegurando que toda a a\u00e7\u00e3o policial foi acompanhada por membros do Minist\u00e9rio P\u00fablico de Goi\u00e1s e por advogados de defesa de Jo\u00e3o de Deus.<\/p>\n<p>Jo\u00e3o de Deus est\u00e1 preso em car\u00e1ter\u00a0preventivo desde o \u00faltimo\u00a0domingo, 16, quando ele se entregou \u00e0s autoridades policiais. Ele est\u00e1 em uma cela de 16 metros quadrados do Complexo Prisional de Aparecida de Goi\u00e2nia (GO).\u00a0Ontem \u00e0\u00a0tarde, a Justi\u00e7a goiana negou o pedido de liminar apresentado pela defesa do m\u00e9dium, que\u00a0tenta transformar a pris\u00e3o preventiva em pris\u00e3o domiciliar com uso tornozeleira. O advogado Alberto Toron j\u00e1 antecipou \u00e0 imprensa que vai recorrer da decis\u00e3o ao Superior Tribunal de Justi\u00e7a (STJ). Ele alega que seu cliente tem idade avan\u00e7ada e problemas de sa\u00fade<\/p>\n<p>Denunciado por crimes sexuais, Jo\u00e3o de Deus diz que \u00e9 inocente.\u00a0Na semana passada, ao fazer sua primeira apari\u00e7\u00e3o p\u00fablica desde que as primeiras den\u00fancias come\u00e7aram a vir \u00e0 p\u00fablico, o m\u00e9dium disse que estava nas m\u00e3os da Justi\u00e7a.\u00a0Segundo o Minist\u00e9rio P\u00fablico de Goi\u00e1s (MP-GO),\u00a0at\u00e9 a noite da \u00faltima\u00a0segunda-feira, 17, 506 mulheres j\u00e1 tinham entrado em contato com o MP estadual a fim de denunciar o m\u00e9dium ou obter orienta\u00e7\u00f5es sobre como agir.<\/p>\n<p>O MP goiano, no entanto, destaca que ainda n\u00e3o \u00e9 poss\u00edvel afirmar se todos os contatos ser\u00e3o convertidos em inqu\u00e9ritos. Isso porque, ainda que a consist\u00eancia dos relatos seja avaliada desde o primeiro momento, os promotores t\u00eam que verificar quais caracterizam potenciais casos de abuso sexual e descartar aqueles contatos que n\u00e3o passam de desabafos ou de den\u00fancias em duplicidade.<\/p>\n<p>Fonte: Ag\u00eancia Brasil<\/p>\n","protected":false},"excerpt":{"rendered":"<p>Policiais civis de Goi\u00e1s apreenderam pouco mais de R$ 400 mil e cinco armas de fogo em uma das resid\u00eancias do m\u00e9dium goiano Jo\u00e3o Teixeira de Faria, o Jo\u00e3o de Deus. Parte do dinheiro e o armamento estavam guardados no fundo falso de um guarda-roupa, em um quarto de uma das casas que o m\u00e9dium [&hellip;]<\/p>\n","protected":false},"author":96,"featured_media":128494,"comment_status":"closed","ping_status":"closed","sticky":false,"template":"","format":"standard","meta":{"footnotes":""},"categories":[302,436,439],"tags":[],"class_list":["post-128856","post","type-post","status-publish","format-standard","has-post-thumbnail","hentry","category-brasil-mundo","category-destaque-da-semana","category-ultima-hora"],"_links":{"self":[{"href":"https:\/\/diarioregionaldigital.com.br\/index.php?rest_route=\/wp\/v2\/posts\/128856","targetHints":{"allow":["GET"]}}],"collection":[{"href":"https:\/\/diarioregionaldigital.com.br\/index.php?rest_route=\/wp\/v2\/posts"}],"about":[{"href":"https:\/\/diarioregionaldigital.com.br\/index.php?rest_route=\/wp\/v2\/types\/post"}],"author":[{"embeddable":true,"href":"https:\/\/diarioregionaldigital.com.br\/index.php?rest_route=\/wp\/v2\/users\/96"}],"replies":[{"embeddable":true,"href":"https:\/\/diarioregionaldigital.com.br\/index.php?rest_route=%2Fwp%2Fv2%2Fcomments&post=128856"}],"version-history":[{"count":0,"href":"https:\/\/diarioregionaldigital.com.br\/index.php?rest_route=\/wp\/v2\/posts\/128856\/revisions"}],"wp:featuredmedia":[{"embeddable":true,"href":"https:\/\/diarioregionaldigital.com.br\/index.php?rest_route=\/wp\/v2\/media\/128494"}],"wp:attachment":[{"href":"https:\/\/diarioregionaldigital.com.br\/index.php?rest_route=%2Fwp%2Fv2%2Fmedia&parent=128856"}],"wp:term":[{"taxonomy":"category","embeddable":true,"href":"https:\/\/diarioregionaldigital.com.br\/index.php?rest_route=%2Fwp%2Fv2%2Fcategories&post=128856"},{"taxonomy":"post_tag","embeddable":true,"href":"https:\/\/diarioregionaldigital.com.br\/index.php?rest_route=%2Fwp%2Fv2%2Ftags&post=128856"}],"curies":[{"name":"wp","href":"https:\/\/api.w.org\/{rel}","templated":true}]}}