{"id":128823,"date":"2018-12-23T00:02:34","date_gmt":"2018-12-23T02:02:34","guid":{"rendered":"https:\/\/diarioregionaldigital.com.br\/?p=128823"},"modified":"2018-12-19T17:43:55","modified_gmt":"2018-12-19T19:43:55","slug":"in-moda-looks-de-natal-e-as-principais-tendencias-pro-verao-2019","status":"publish","type":"post","link":"https:\/\/diarioregionaldigital.com.br\/?p=128823","title":{"rendered":"IN MODA &#8211; Looks de natal e as principais tend\u00eancias pro ver\u00e3o 2019!"},"content":{"rendered":"<p><span style=\"font-size: 14pt\"><strong>O LOOK DO NATAL<\/strong><\/span><\/p>\n<p><span style=\"font-size: 14pt\">J\u00e1 \u00e9 v\u00e9spera de Natal e voc\u00ea ainda n\u00e3o decidiu o look da noite? O ano de 2018 foi democr\u00e1tico na moda, e entre muitas tend\u00eancias e pe\u00e7as j\u00e1 cl\u00e1ssicas, com certeza voc\u00ea tem a produ\u00e7\u00e3o perfeita no guarda-roupa.<\/span><\/p>\n<p>&nbsp;<\/p>\n<p><span style=\"font-size: 14pt\"><strong>O comprimento midi<\/strong><\/span><\/p>\n<p><span style=\"font-size: 14pt\">J\u00e1 faz alguns anos que o comprimento midi voltou \u00e0s ruas. Ele j\u00e1 \u00e9 um cl\u00e1ssico e ao mesmo tempo moderno, e vai bem nas ocasi\u00f5es que pedem looks mais sociais. Em saias, vestidos ou at\u00e9 uma pantacourt, o comprimento midi \u00e9 um \u00f3timo recurso para deixar a produ\u00e7\u00e3o mais sofisticada.<\/span><\/p>\n<p><img loading=\"lazy\" decoding=\"async\" class=\"alignnone size-medium wp-image-128831 aligncenter\" src=\"https:\/\/diarioregionaldigital.com.br\/wp-content\/uploads\/2018\/12\/O-COMPRIMENTO-MIDI-198x300.jpg\" alt=\"\" width=\"198\" height=\"300\" srcset=\"https:\/\/diarioregionaldigital.com.br\/wp-content\/uploads\/2018\/12\/O-COMPRIMENTO-MIDI-198x300.jpg 198w, https:\/\/diarioregionaldigital.com.br\/wp-content\/uploads\/2018\/12\/O-COMPRIMENTO-MIDI-360x547.jpg 360w, https:\/\/diarioregionaldigital.com.br\/wp-content\/uploads\/2018\/12\/O-COMPRIMENTO-MIDI.jpg 525w\" sizes=\"auto, (max-width: 198px) 100vw, 198px\" \/><\/p>\n<p>&nbsp;<\/p>\n<p><span style=\"font-size: 14pt\"><strong>O monocrom\u00e1tico<\/strong><\/span><\/p>\n<p><span style=\"font-size: 14pt\">O look monocrom\u00e1tico se consolidou como um queridinho em 2018! Ainda n\u00e3o usou essa tend\u00eancia a seu favor? Ele alonga e d\u00e1 eleg\u00e2ncia como nenhum outro! Se voc\u00ea quiser deixar com aspecto mais leve, mescle com acess\u00f3rios de tons pr\u00f3ximos aos do seu look, e se voc\u00ea j\u00e1 \u00e9 fashionista de carteirinha, aproveita e se joga: voc\u00ea pode at\u00e9 incorporar outra tend\u00eancia do ano na sua produ\u00e7\u00e3o, cores, como o amarelo por exemplo.<\/span><\/p>\n<p>&nbsp;<\/p>\n<p><img loading=\"lazy\" decoding=\"async\" class=\"alignnone size-medium wp-image-128832 aligncenter\" src=\"https:\/\/diarioregionaldigital.com.br\/wp-content\/uploads\/2018\/12\/O-MONOCROMATICO-235x300.jpg\" alt=\"\" width=\"235\" height=\"300\" srcset=\"https:\/\/diarioregionaldigital.com.br\/wp-content\/uploads\/2018\/12\/O-MONOCROMATICO-235x300.jpg 235w, https:\/\/diarioregionaldigital.com.br\/wp-content\/uploads\/2018\/12\/O-MONOCROMATICO-360x460.jpg 360w, https:\/\/diarioregionaldigital.com.br\/wp-content\/uploads\/2018\/12\/O-MONOCROMATICO.jpg 640w\" sizes=\"auto, (max-width: 235px) 100vw, 235px\" \/><\/p>\n<p>&nbsp;<\/p>\n<p><span style=\"font-size: 14pt\"><strong>Vermelho + rosa<\/strong><\/span><\/p>\n<p><span style=\"font-size: 14pt\">A combina\u00e7\u00e3o de vermelho e rosa j\u00e1 n\u00e3o \u00e9 mais novidade, mas muita gente ainda n\u00e3o se rendeu a essa proposta. O vermelho \u00e9 super bem-vindo no Natal, \u00e9 sofisticado, presen\u00e7a confirmada nas ceias natalinas, e com o rosa o look fica mais din\u00e2mico, mais alegre, e sai do \u00f3bvio!<\/span><\/p>\n<p style=\"text-align: center\"><img loading=\"lazy\" decoding=\"async\" class=\"alignnone size-medium wp-image-128834\" src=\"https:\/\/diarioregionaldigital.com.br\/wp-content\/uploads\/2018\/12\/VERMELHO-ROSA-243x300.jpg\" alt=\"\" width=\"243\" height=\"300\" srcset=\"https:\/\/diarioregionaldigital.com.br\/wp-content\/uploads\/2018\/12\/VERMELHO-ROSA-243x300.jpg 243w, https:\/\/diarioregionaldigital.com.br\/wp-content\/uploads\/2018\/12\/VERMELHO-ROSA-360x445.jpg 360w, https:\/\/diarioregionaldigital.com.br\/wp-content\/uploads\/2018\/12\/VERMELHO-ROSA.jpg 518w\" sizes=\"auto, (max-width: 243px) 100vw, 243px\" \/><\/p>\n<p>&nbsp;<\/p>\n<p>&nbsp;<\/p>\n<p><span style=\"font-size: 14pt\"><strong>Hi-lo<\/strong><\/span><\/p>\n<p><span style=\"font-size: 14pt\">Se a sua festa de Natal vai ser mais despojada, nada social, o hi-lo pode \u00e9 uma \u00f3tima sa\u00edda. Pegar aquela pe\u00e7a mais fina, chique, e misturar com algo casual \u00e9 um truque que te deixa arrumada na medida para ocasi\u00f5es desse tipo. O efeito \u00e9 equil\u00edbrio ideal para datas comemorativas sem exageros.<\/span><\/p>\n<p style=\"text-align: center\"><img loading=\"lazy\" decoding=\"async\" class=\"alignnone size-medium wp-image-128828\" src=\"https:\/\/diarioregionaldigital.com.br\/wp-content\/uploads\/2018\/12\/HI-LO-300x285.jpg\" alt=\"\" width=\"300\" height=\"285\" srcset=\"https:\/\/diarioregionaldigital.com.br\/wp-content\/uploads\/2018\/12\/HI-LO-300x285.jpg 300w, https:\/\/diarioregionaldigital.com.br\/wp-content\/uploads\/2018\/12\/HI-LO-768x731.jpg 768w, https:\/\/diarioregionaldigital.com.br\/wp-content\/uploads\/2018\/12\/HI-LO-360x342.jpg 360w, https:\/\/diarioregionaldigital.com.br\/wp-content\/uploads\/2018\/12\/HI-LO.jpg 779w\" sizes=\"auto, (max-width: 300px) 100vw, 300px\" \/><\/p>\n<p>&nbsp;<\/p>\n<p><span style=\"font-size: 14pt\"><strong>NEWS<\/strong><\/span><\/p>\n<p><span style=\"font-size: 14pt\"><strong>Reviva Chlo\u00e9<\/strong><\/span><\/p>\n<p><span style=\"font-size: 14pt\">A bolsa hit no in\u00edcio dos anos 2000 est\u00e1 de volta! Ap\u00f3s outras grandes marcas repaginarem pe\u00e7as ic\u00f4nicas de sua hist\u00f3ria, chegou a vez da Chlo\u00e9. A Paddington, bag queridinha da grife est\u00e1 de volta. Marcada pelo grande cadeado, a pe\u00e7a retorna e a nova vers\u00e3o vem super moderna, com o cadeado um pouco menor e acompanhado de uma delicada chave, a bolsa promete ser mais uma vez um grande sucesso entre as amantes da marca.<\/span><\/p>\n<p>&nbsp;<\/p>\n<p style=\"text-align: center\"><img loading=\"lazy\" decoding=\"async\" class=\"alignnone size-medium wp-image-128833\" src=\"https:\/\/diarioregionaldigital.com.br\/wp-content\/uploads\/2018\/12\/REVIVA-CHLOE-203x300.jpg\" alt=\"\" width=\"203\" height=\"300\" srcset=\"https:\/\/diarioregionaldigital.com.br\/wp-content\/uploads\/2018\/12\/REVIVA-CHLOE-203x300.jpg 203w, https:\/\/diarioregionaldigital.com.br\/wp-content\/uploads\/2018\/12\/REVIVA-CHLOE-693x1024.jpg 693w, https:\/\/diarioregionaldigital.com.br\/wp-content\/uploads\/2018\/12\/REVIVA-CHLOE-360x532.jpg 360w, https:\/\/diarioregionaldigital.com.br\/wp-content\/uploads\/2018\/12\/REVIVA-CHLOE.jpg 720w\" sizes=\"auto, (max-width: 203px) 100vw, 203px\" \/><\/p>\n<p><span style=\"font-size: 14pt\"><strong>CLICK IN MODA<\/strong><\/span><\/p>\n<p><span style=\"font-size: 14pt\">O click da semana \u00e9 de Ana Paula Calixto com beleza assinada por Equipe Jael Pifano e registrado por Felipe Bolpato. O look em animal print \u00e9 de Hill Store.<\/span><\/p>\n<p style=\"text-align: center\"><img loading=\"lazy\" decoding=\"async\" class=\"alignnone size-medium wp-image-128827\" src=\"https:\/\/diarioregionaldigital.com.br\/wp-content\/uploads\/2018\/12\/CLICK-IN-MODA-2-199x300.jpg\" alt=\"\" width=\"199\" height=\"300\" srcset=\"https:\/\/diarioregionaldigital.com.br\/wp-content\/uploads\/2018\/12\/CLICK-IN-MODA-2-199x300.jpg 199w, https:\/\/diarioregionaldigital.com.br\/wp-content\/uploads\/2018\/12\/CLICK-IN-MODA-2-768x1157.jpg 768w, https:\/\/diarioregionaldigital.com.br\/wp-content\/uploads\/2018\/12\/CLICK-IN-MODA-2-680x1024.jpg 680w, https:\/\/diarioregionaldigital.com.br\/wp-content\/uploads\/2018\/12\/CLICK-IN-MODA-2-360x542.jpg 360w, https:\/\/diarioregionaldigital.com.br\/wp-content\/uploads\/2018\/12\/CLICK-IN-MODA-2.jpg 850w\" sizes=\"auto, (max-width: 199px) 100vw, 199px\" \/><\/p>\n<p>&nbsp;<\/p>\n<p><span style=\"font-size: 14pt\"><strong>TOP 5: as tend\u00eancias que vieram pra ficar!<\/strong><\/span><\/p>\n<p><span style=\"font-size: 14pt\"><strong>Bolsa de palha<\/strong><\/span><\/p>\n<p><span style=\"font-size: 14pt\">As bolsas de palha sa\u00edram das praias e j\u00e1 tomaram conta das ruas. Ela \u00e9 a grande tend\u00eancia e chegou em v\u00e1rios modelos e tamanhos diferentes. Al\u00e9m disso tamb\u00e9m tem pra todos os gostos, das mais discretas e at\u00e9 com pompons coloridos. \u00c9 aquele acess\u00f3rio que levanta o look mais b\u00e1sico.<\/span><\/p>\n<p>&nbsp;<\/p>\n<p style=\"text-align: center\"><img loading=\"lazy\" decoding=\"async\" class=\"alignnone size-medium wp-image-128825\" src=\"https:\/\/diarioregionaldigital.com.br\/wp-content\/uploads\/2018\/12\/BOLSA-DE-PALHA-200x300.jpg\" alt=\"\" width=\"200\" height=\"300\" srcset=\"https:\/\/diarioregionaldigital.com.br\/wp-content\/uploads\/2018\/12\/BOLSA-DE-PALHA-200x300.jpg 200w, https:\/\/diarioregionaldigital.com.br\/wp-content\/uploads\/2018\/12\/BOLSA-DE-PALHA-768x1152.jpg 768w, https:\/\/diarioregionaldigital.com.br\/wp-content\/uploads\/2018\/12\/BOLSA-DE-PALHA-683x1024.jpg 683w, https:\/\/diarioregionaldigital.com.br\/wp-content\/uploads\/2018\/12\/BOLSA-DE-PALHA-360x540.jpg 360w, https:\/\/diarioregionaldigital.com.br\/wp-content\/uploads\/2018\/12\/BOLSA-DE-PALHA.jpg 800w\" sizes=\"auto, (max-width: 200px) 100vw, 200px\" \/><\/p>\n<p><span style=\"font-size: 14pt\"><strong>Maxi Po\u00e1s<\/strong><\/span><\/p>\n<p><span style=\"font-size: 14pt\">O cl\u00e1ssico padr\u00e3o de\u00a0 bolinhas n\u00e3o sai de moda, e nesse ver\u00e3o ele voltou ainda mais marcante, em tamanho maxi! E n\u00e3o s\u00f3 nos detalhes e acess\u00f3rios, o po\u00e1 est\u00e1 com for\u00e7a total nos looks, e \u00e9 uma boa base para fazer o famoso mix de estampas por exemplo.<\/span><\/p>\n<p style=\"text-align: center\"><img loading=\"lazy\" decoding=\"async\" class=\"alignnone size-medium wp-image-128830\" src=\"https:\/\/diarioregionaldigital.com.br\/wp-content\/uploads\/2018\/12\/MAXI-PO\u00c1S-200x300.jpg\" alt=\"\" width=\"200\" height=\"300\" srcset=\"https:\/\/diarioregionaldigital.com.br\/wp-content\/uploads\/2018\/12\/MAXI-PO\u00c1S-200x300.jpg 200w, https:\/\/diarioregionaldigital.com.br\/wp-content\/uploads\/2018\/12\/MAXI-PO\u00c1S-768x1153.jpg 768w, https:\/\/diarioregionaldigital.com.br\/wp-content\/uploads\/2018\/12\/MAXI-PO\u00c1S-682x1024.jpg 682w, https:\/\/diarioregionaldigital.com.br\/wp-content\/uploads\/2018\/12\/MAXI-PO\u00c1S-360x540.jpg 360w, https:\/\/diarioregionaldigital.com.br\/wp-content\/uploads\/2018\/12\/MAXI-PO\u00c1S.jpg 1066w\" sizes=\"auto, (max-width: 200px) 100vw, 200px\" \/><\/p>\n<p>&nbsp;<\/p>\n<p><span style=\"font-size: 14pt\"><strong>Animal Print<\/strong><\/span><\/p>\n<p><span style=\"font-size: 14pt\">Outra grande aposta do ver\u00e3o 2019 s\u00e3o as estampas de pele animal. E dessa vez\u00a0 com ainda mais variedade al\u00e9m da queridinha estampa de on\u00e7a: leopardo, zebra, cobra, inclusive em todas as cores.<\/span><\/p>\n<p style=\"text-align: center\"><img loading=\"lazy\" decoding=\"async\" class=\"alignnone size-medium wp-image-128835\" src=\"https:\/\/diarioregionaldigital.com.br\/wp-content\/uploads\/2018\/12\/ANIMAL-PRINT-2-300x219.jpg\" alt=\"\" width=\"300\" height=\"219\" srcset=\"https:\/\/diarioregionaldigital.com.br\/wp-content\/uploads\/2018\/12\/ANIMAL-PRINT-2-300x219.jpg 300w, https:\/\/diarioregionaldigital.com.br\/wp-content\/uploads\/2018\/12\/ANIMAL-PRINT-2-768x560.jpg 768w, https:\/\/diarioregionaldigital.com.br\/wp-content\/uploads\/2018\/12\/ANIMAL-PRINT-2-360x263.jpg 360w, https:\/\/diarioregionaldigital.com.br\/wp-content\/uploads\/2018\/12\/ANIMAL-PRINT-2.jpg 780w\" sizes=\"auto, (max-width: 300px) 100vw, 300px\" \/>\u00a0 \u00a0 \u00a0 \u00a0 \u00a0 \u00a0 \u00a0 \u00a0<img loading=\"lazy\" decoding=\"async\" class=\"alignnone size-medium wp-image-128824\" src=\"https:\/\/diarioregionaldigital.com.br\/wp-content\/uploads\/2018\/12\/ANIMAL-PRINT-200x300.jpg\" alt=\"\" width=\"200\" height=\"300\" srcset=\"https:\/\/diarioregionaldigital.com.br\/wp-content\/uploads\/2018\/12\/ANIMAL-PRINT-200x300.jpg 200w, https:\/\/diarioregionaldigital.com.br\/wp-content\/uploads\/2018\/12\/ANIMAL-PRINT-768x1152.jpg 768w, https:\/\/diarioregionaldigital.com.br\/wp-content\/uploads\/2018\/12\/ANIMAL-PRINT-683x1024.jpg 683w, https:\/\/diarioregionaldigital.com.br\/wp-content\/uploads\/2018\/12\/ANIMAL-PRINT-360x540.jpg 360w, https:\/\/diarioregionaldigital.com.br\/wp-content\/uploads\/2018\/12\/ANIMAL-PRINT.jpg 800w\" sizes=\"auto, (max-width: 200px) 100vw, 200px\" \/><\/p>\n<p>&nbsp;<\/p>\n<p><span style=\"font-size: 14pt\"><strong>Fendas<\/strong><\/span><\/p>\n<p><span style=\"font-size: 14pt\">N\u00e3o s\u00f3 nos vestidos, as fendas s\u00e3o perfeitas para os dias mais quentes do ano. Saias, cal\u00e7as e at\u00e9 nas mangas os recortes fizeram sucesso e prometem ficar por muito tempo. \u00c9 um detalhe funcional nas pe\u00e7as, trazem movimento e frescor, a cara do ver\u00e3o brasileiro!<\/span><\/p>\n<p><img loading=\"lazy\" decoding=\"async\" class=\"alignnone size-medium wp-image-128836 aligncenter\" src=\"https:\/\/diarioregionaldigital.com.br\/wp-content\/uploads\/2018\/12\/33-297x300.jpeg\" alt=\"\" width=\"297\" height=\"300\" srcset=\"https:\/\/diarioregionaldigital.com.br\/wp-content\/uploads\/2018\/12\/33-297x300.jpeg 297w, https:\/\/diarioregionaldigital.com.br\/wp-content\/uploads\/2018\/12\/33-120x120.jpeg 120w, https:\/\/diarioregionaldigital.com.br\/wp-content\/uploads\/2018\/12\/33-360x363.jpeg 360w, https:\/\/diarioregionaldigital.com.br\/wp-content\/uploads\/2018\/12\/33-80x80.jpeg 80w, https:\/\/diarioregionaldigital.com.br\/wp-content\/uploads\/2018\/12\/33.jpeg 580w\" sizes=\"auto, (max-width: 297px) 100vw, 297px\" \/><\/p>\n<p>&nbsp;<\/p>\n<p><span style=\"font-size: 14pt\"><strong>Linho<\/strong><\/span><\/p>\n<p><span style=\"font-size: 14pt\">O linho \u00e9 oficialmente o tecido da esta\u00e7\u00e3o. \u00c9 fresco, deixa a produ\u00e7\u00e3o mais sofisticada e cai bem com v\u00e1rias\u00a0 outras tend\u00eancias. \u00c9 aquele item que vale o investimento, al\u00e9m de atemporal ele apareceu em todas as pe\u00e7as poss\u00edveis e te acompanha em diversos ambientes!<\/span><\/p>\n<p style=\"text-align: center\"><strong><img loading=\"lazy\" decoding=\"async\" class=\"alignnone size-medium wp-image-128829\" src=\"https:\/\/diarioregionaldigital.com.br\/wp-content\/uploads\/2018\/12\/linho-214x300.jpg\" alt=\"\" width=\"214\" height=\"300\" srcset=\"https:\/\/diarioregionaldigital.com.br\/wp-content\/uploads\/2018\/12\/linho-214x300.jpg 214w, https:\/\/diarioregionaldigital.com.br\/wp-content\/uploads\/2018\/12\/linho-730x1024.jpg 730w, https:\/\/diarioregionaldigital.com.br\/wp-content\/uploads\/2018\/12\/linho-360x505.jpg 360w, https:\/\/diarioregionaldigital.com.br\/wp-content\/uploads\/2018\/12\/linho.jpg 750w\" sizes=\"auto, (max-width: 214px) 100vw, 214px\" \/>\u00a0<\/strong><\/p>\n<p>&nbsp;<\/p>\n<p style=\"text-align: right\"><strong>Colaboradoras:<\/strong><\/p>\n<p style=\"text-align: right\">Deusiane Ladeira<\/p>\n<p style=\"text-align: right\">Izabella Assis<\/p>\n<p style=\"text-align: right\">Mariana Matos<\/p>\n","protected":false},"excerpt":{"rendered":"<p>O LOOK DO NATAL J\u00e1 \u00e9 v\u00e9spera de Natal e voc\u00ea ainda n\u00e3o decidiu o look da noite? O ano de 2018 foi democr\u00e1tico na moda, e entre muitas tend\u00eancias e pe\u00e7as j\u00e1 cl\u00e1ssicas, com certeza voc\u00ea tem a produ\u00e7\u00e3o perfeita no guarda-roupa. &nbsp; O comprimento midi J\u00e1 faz alguns anos que o comprimento midi [&hellip;]<\/p>\n","protected":false},"author":96,"featured_media":128826,"comment_status":"closed","ping_status":"closed","sticky":false,"template":"","format":"standard","meta":{"footnotes":""},"categories":[285],"tags":[],"class_list":["post-128823","post","type-post","status-publish","format-standard","has-post-thumbnail","hentry","category-moda-ana-paula-calixto"],"_links":{"self":[{"href":"https:\/\/diarioregionaldigital.com.br\/index.php?rest_route=\/wp\/v2\/posts\/128823","targetHints":{"allow":["GET"]}}],"collection":[{"href":"https:\/\/diarioregionaldigital.com.br\/index.php?rest_route=\/wp\/v2\/posts"}],"about":[{"href":"https:\/\/diarioregionaldigital.com.br\/index.php?rest_route=\/wp\/v2\/types\/post"}],"author":[{"embeddable":true,"href":"https:\/\/diarioregionaldigital.com.br\/index.php?rest_route=\/wp\/v2\/users\/96"}],"replies":[{"embeddable":true,"href":"https:\/\/diarioregionaldigital.com.br\/index.php?rest_route=%2Fwp%2Fv2%2Fcomments&post=128823"}],"version-history":[{"count":0,"href":"https:\/\/diarioregionaldigital.com.br\/index.php?rest_route=\/wp\/v2\/posts\/128823\/revisions"}],"wp:featuredmedia":[{"embeddable":true,"href":"https:\/\/diarioregionaldigital.com.br\/index.php?rest_route=\/wp\/v2\/media\/128826"}],"wp:attachment":[{"href":"https:\/\/diarioregionaldigital.com.br\/index.php?rest_route=%2Fwp%2Fv2%2Fmedia&parent=128823"}],"wp:term":[{"taxonomy":"category","embeddable":true,"href":"https:\/\/diarioregionaldigital.com.br\/index.php?rest_route=%2Fwp%2Fv2%2Fcategories&post=128823"},{"taxonomy":"post_tag","embeddable":true,"href":"https:\/\/diarioregionaldigital.com.br\/index.php?rest_route=%2Fwp%2Fv2%2Ftags&post=128823"}],"curies":[{"name":"wp","href":"https:\/\/api.w.org\/{rel}","templated":true}]}}