{"id":128813,"date":"2018-12-19T15:05:53","date_gmt":"2018-12-19T17:05:53","guid":{"rendered":"https:\/\/diarioregionaldigital.com.br\/?p=128813"},"modified":"2018-12-19T15:05:53","modified_gmt":"2018-12-19T17:05:53","slug":"ministro-decide-que-votacao-para-presidencia-do-senado-sera-aberta","status":"publish","type":"post","link":"https:\/\/diarioregionaldigital.com.br\/?p=128813","title":{"rendered":"Ministro decide que vota\u00e7\u00e3o para presid\u00eancia do Senado ser\u00e1 aberta"},"content":{"rendered":"<p>O ministro do Supremo Tribunal Federal (STF) Marco Aur\u00e9lio concedeu hoje, 19, liminar para garantir que a elei\u00e7\u00e3o para a Mesa Diretora do Senado seja feita de forma aberta. Com a decis\u00e3o, a elei\u00e7\u00e3o para o comando da Casa n\u00e3o \u00a0poder\u00e1 ter voto secreto dos parlamentares.<\/p>\n<p>A liminar do ministro foi deferida a partir de um mandado de seguran\u00e7a protocolado\u00a0pelo senador Lasier Martins (PSD-RS). A decis\u00e3o, por\u00e9m,\u00a0n\u00e3o \u00e9 definitiva, e caber\u00e1 recurso do Senado ao plen\u00e1rio do STF.<\/p>\n<p>&#8220;O princ\u00edpio da publicidade das delibera\u00e7\u00f5es do Senado \u00e9 a regra, correndo as exce\u00e7\u00f5es \u00e0 conta de situa\u00e7\u00f5es excepcionais, taxativamente especificadas no texto constitucional&#8221;, escreveu o ministro.<\/p>\n<p>No mandado de seguran\u00e7a, o senador Lasier Martins informou que \u00e9 relator de um projeto de resolu\u00e7\u00e3o para alterar o regimento interno da Casa e estabelecer o voto aberto e nominal para a elei\u00e7\u00e3o dos membros da Mesa Diretora.<\/p>\n<p>Ao justificar o pedido de urg\u00eancia na decis\u00e3o do ministro, o parlamentar afirmou que houve falta de delibera\u00e7\u00e3o da Comiss\u00e3o de Constitui\u00e7\u00e3o e Justi\u00e7a antes da vota\u00e7\u00e3o, prevista para 1\u00ba de fevereiro, quando a nova legislatura ter\u00e1 in\u00edcio.<\/p>\n<p>Fonte: Ag\u00eancia Brasil<\/p>\n","protected":false},"excerpt":{"rendered":"<p>O ministro do Supremo Tribunal Federal (STF) Marco Aur\u00e9lio concedeu hoje, 19, liminar para garantir que a elei\u00e7\u00e3o para a Mesa Diretora do Senado seja feita de forma aberta. Com a decis\u00e3o, a elei\u00e7\u00e3o para o comando da Casa n\u00e3o \u00a0poder\u00e1 ter voto secreto dos parlamentares. A liminar do ministro foi deferida a partir de [&hellip;]<\/p>\n","protected":false},"author":96,"featured_media":128814,"comment_status":"closed","ping_status":"closed","sticky":false,"template":"","format":"standard","meta":{"footnotes":""},"categories":[436,254,439],"tags":[],"class_list":["post-128813","post","type-post","status-publish","format-standard","has-post-thumbnail","hentry","category-destaque-da-semana","category-politica","category-ultima-hora"],"_links":{"self":[{"href":"https:\/\/diarioregionaldigital.com.br\/index.php?rest_route=\/wp\/v2\/posts\/128813","targetHints":{"allow":["GET"]}}],"collection":[{"href":"https:\/\/diarioregionaldigital.com.br\/index.php?rest_route=\/wp\/v2\/posts"}],"about":[{"href":"https:\/\/diarioregionaldigital.com.br\/index.php?rest_route=\/wp\/v2\/types\/post"}],"author":[{"embeddable":true,"href":"https:\/\/diarioregionaldigital.com.br\/index.php?rest_route=\/wp\/v2\/users\/96"}],"replies":[{"embeddable":true,"href":"https:\/\/diarioregionaldigital.com.br\/index.php?rest_route=%2Fwp%2Fv2%2Fcomments&post=128813"}],"version-history":[{"count":0,"href":"https:\/\/diarioregionaldigital.com.br\/index.php?rest_route=\/wp\/v2\/posts\/128813\/revisions"}],"wp:featuredmedia":[{"embeddable":true,"href":"https:\/\/diarioregionaldigital.com.br\/index.php?rest_route=\/wp\/v2\/media\/128814"}],"wp:attachment":[{"href":"https:\/\/diarioregionaldigital.com.br\/index.php?rest_route=%2Fwp%2Fv2%2Fmedia&parent=128813"}],"wp:term":[{"taxonomy":"category","embeddable":true,"href":"https:\/\/diarioregionaldigital.com.br\/index.php?rest_route=%2Fwp%2Fv2%2Fcategories&post=128813"},{"taxonomy":"post_tag","embeddable":true,"href":"https:\/\/diarioregionaldigital.com.br\/index.php?rest_route=%2Fwp%2Fv2%2Ftags&post=128813"}],"curies":[{"name":"wp","href":"https:\/\/api.w.org\/{rel}","templated":true}]}}